{"id":7119,"date":"2022-02-23T10:51:30","date_gmt":"2022-02-23T13:51:30","guid":{"rendered":"http:\/\/www.santaritadopassaquatro.sp.gov.br\/portal\/?p=7119"},"modified":"2022-07-28T10:53:21","modified_gmt":"2022-07-28T13:53:21","slug":"reabertura-do-museu-historico-e-pedagogico-zequinha-de-abreu","status":"publish","type":"post","link":"https:\/\/www.santaritadopassaquatro.sp.gov.br\/portal\/reabertura-do-museu-historico-e-pedagogico-zequinha-de-abreu\/","title":{"rendered":"REABERTURA DO MUSEU HIST\u00d3RICO E PEDAG\u00d3GICO ZEQUINHA DE ABREU"},"content":{"rendered":"<p>Na noite desta ter\u00e7a-feira (22), ocorreu uma cerim\u00f4nia para celebrar a reabertura do Museu Hist\u00f3rico e Pedag\u00f3gico Zequinha de Abreu. O trabalho de organiza\u00e7\u00e3o e cataloga\u00e7\u00e3o vinha sendo executado desde o in\u00edcio de 2021, em um amplo esfor\u00e7o dos gestores e colaboradores do Departamento de Turismo, Cultura, Esportes e Lazer.<br \/>\nA diretora do departamento, Juliana Peron, abriu a cerim\u00f4nia agradecendo a presen\u00e7a de autoridades, locais e regionais, e ressaltou a import\u00e2ncia dessa reabertura: &#8220;\u00c9 um dia muito especial, pois estamos reabrindo um peda\u00e7o muito importante da hist\u00f3ria de Santa Rita do Passa Quatro\u201d.<br \/>\nO Prefeito Marcelo Sim\u00e3o destacou o trabalho feito ao longo de 2021 para a organiza\u00e7\u00e3o da reabertura do museu: \u201cQuero cumprimentar a equipe do Turismo, Cultura e os amigos do MAZA \u2014 Amigos do Museu Zequinha de Abreu, pois foi um trabalho espetacular, restaurando, catalogando com muito zelo e fidelidade \u00e0 \u00e9poca. \u00c9 um trabalho que precisa ser louvado e valorizado\u201d.<br \/>\nO Chefe do Executivo agradeceu ainda a presen\u00e7a da Dona Marise, neta do Zequinha de Abreu, que cooperou com a reabertura do Museu trazendo diversos itens da hist\u00f3ria do m\u00fasico: \u201cQuero agradecer a presen\u00e7a da Marise e do Crist\u00f3v\u00e3o, voc\u00eas que carregam o D.N.A. do Zequinha de Abreu, e nos presentearam com tantas pe\u00e7as que fazem parte da hist\u00f3ria do nosso Maestro e estar\u00e3o expostos com muito carinho no Museu\u201d.<br \/>\nA noite de cerim\u00f4nias contou com a recita\u00e7\u00e3o de um poema pelo compositor e m\u00fasico santa-ritense Ad\u00e3o Nildo, a apresenta\u00e7\u00e3o art\u00edstica dos artistas Guilherme e MC Jo\u00e3o, do Studio Art &amp; Movimento, e com a apresenta\u00e7\u00e3o musical da Banda Da Nossa Terra.<br \/>\nO Museu est\u00e1 aberto para visita\u00e7\u00e3o de ter\u00e7a a sexta, das 08h15 \u00e0s 10h30 e 13h15 \u00e0s 16h30.<br \/>\nAos s\u00e1bados, a visita\u00e7\u00e3o pode ser feita das 9h15 at\u00e9 \u00e0s 11h30 e das14h15 \u00e0s 15h30<br \/>\nAos domingos e feriados das 09h15 \u00e0s 11h30.<br \/>\n\u00c0s segundas o Museu estar\u00e1 fechado para manuten\u00e7\u00e3o.<br \/>\nPara visita\u00e7\u00f5es de grupos e escolas o agendamento \u00e9 feito pelo fone (19) 3584-5974.<br \/>\nABERTURA NO CARNAVAL<br \/>\nNeste carnaval o Museu funcionar\u00e1 na segunda, das 09h15\u00e0s 11h30 e das 14h15 \u00e0s 15h30; ter\u00e7a-feira n\u00e3o abrir\u00e1 e na quarta de cinzas, funcionar\u00e1 no per\u00edodo da tarde, das 13h15 \u00e0s 16h30.<br \/>\nA entrada \u00e9 gratuita.<\/p>\n<p>&nbsp;<\/p>\n<p><img decoding=\"async\" class=\"aligncenter size-full wp-image-7121\" src=\"http:\/\/www.santaritadopassaquatro.sp.gov.br\/portal\/wp-content\/uploads\/2022\/07\/684b8b75-47bd-4bba-89f6-de2a09b57c00.jpg\" alt=\"\" width=\"1280\" height=\"960\" \/><\/p>\n","protected":false},"excerpt":{"rendered":"<p>Na noite desta ter\u00e7a-feira (22), ocorreu uma cerim\u00f4nia para celebrar a reabertura do Museu Hist\u00f3rico e Pedag\u00f3gico Zequinha de Abreu.<\/p>\n","protected":false},"author":1,"featured_media":7120,"comment_status":"closed","ping_status":"open","sticky":false,"template":"","format":"standard","meta":{"footnotes":""},"categories":[46],"tags":[],"class_list":["post-7119","post","type-post","status-publish","format-standard","has-post-thumbnail","hentry","category-cultura"],"_links":{"self":[{"href":"https:\/\/www.santaritadopassaquatro.sp.gov.br\/portal\/wp-json\/wp\/v2\/posts\/7119","targetHints":{"allow":["GET"]}}],"collection":[{"href":"https:\/\/www.santaritadopassaquatro.sp.gov.br\/portal\/wp-json\/wp\/v2\/posts"}],"about":[{"href":"https:\/\/www.santaritadopassaquatro.sp.gov.br\/portal\/wp-json\/wp\/v2\/types\/post"}],"author":[{"embeddable":true,"href":"https:\/\/www.santaritadopassaquatro.sp.gov.br\/portal\/wp-json\/wp\/v2\/users\/1"}],"replies":[{"embeddable":true,"href":"https:\/\/www.santaritadopassaquatro.sp.gov.br\/portal\/wp-json\/wp\/v2\/comments?post=7119"}],"version-history":[{"count":1,"href":"https:\/\/www.santaritadopassaquatro.sp.gov.br\/portal\/wp-json\/wp\/v2\/posts\/7119\/revisions"}],"predecessor-version":[{"id":7122,"href":"https:\/\/www.santaritadopassaquatro.sp.gov.br\/portal\/wp-json\/wp\/v2\/posts\/7119\/revisions\/7122"}],"wp:featuredmedia":[{"embeddable":true,"href":"https:\/\/www.santaritadopassaquatro.sp.gov.br\/portal\/wp-json\/wp\/v2\/media\/7120"}],"wp:attachment":[{"href":"https:\/\/www.santaritadopassaquatro.sp.gov.br\/portal\/wp-json\/wp\/v2\/media?parent=7119"}],"wp:term":[{"taxonomy":"category","embeddable":true,"href":"https:\/\/www.santaritadopassaquatro.sp.gov.br\/portal\/wp-json\/wp\/v2\/categories?post=7119"},{"taxonomy":"post_tag","embeddable":true,"href":"https:\/\/www.santaritadopassaquatro.sp.gov.br\/portal\/wp-json\/wp\/v2\/tags?post=7119"}],"curies":[{"name":"wp","href":"https:\/\/api.w.org\/{rel}","templated":true}]}}