{"id":7126,"date":"2021-12-30T11:01:36","date_gmt":"2021-12-30T14:01:36","guid":{"rendered":"http:\/\/www.santaritadopassaquatro.sp.gov.br\/portal\/?p=7126"},"modified":"2022-07-28T11:02:33","modified_gmt":"2022-07-28T14:02:33","slug":"prefeito-se-reune-com-comerciantes-e-promoters-a-respeito-da-obrigatoriedade-do-passaporte-da-vacina-e-outras-medidas-para-conter-o-avanco-da-covid-19","status":"publish","type":"post","link":"https:\/\/www.santaritadopassaquatro.sp.gov.br\/portal\/prefeito-se-reune-com-comerciantes-e-promoters-a-respeito-da-obrigatoriedade-do-passaporte-da-vacina-e-outras-medidas-para-conter-o-avanco-da-covid-19\/","title":{"rendered":"PREFEITO SE RE\u00daNE COM COMERCIANTES E PROMOTERS A RESPEITO DA OBRIGATORIEDADE DO PASSAPORTE DA VACINA E OUTRAS MEDIDAS PARA CONTER O AVAN\u00c7O DA COVID-19"},"content":{"rendered":"<p>Nesta quinta-feira (30), o Prefeito Marcelo Sim\u00e3o e o Vice-Prefeito Professor M\u00e1rcio Reis se reuniram com comerciantes locais e promoters para refor\u00e7ar que o descumprimento das normas sanit\u00e1rias ser\u00e3o punidos com rigor.<br \/>\nO Prefeito explicou sobre o aumento dos casos nos \u00faltimos dias e da import\u00e2ncia de exigir o uso de m\u00e1scaras em ambientes fechados, aferi\u00e7\u00e3o da temperatura e o Passaporte da Vacina, cumprindo o Decreto que vigora desde setembro.<br \/>\nO Prefeito Marcelo salientou que n\u00e3o haver\u00e1 toler\u00e2ncia com descumprimentos das normas. O momento requer rigidez e seguran\u00e7a.<br \/>\nA reuni\u00e3o contou com a presen\u00e7a do Nardinho, Presidente da Associa\u00e7\u00e3o Comercial de Santa Rita.<br \/>\nA obrigatoriedade da apresenta\u00e7\u00e3o do Passaporte da Vacina vale para festas, feiras, conven\u00e7\u00f5es, congressos e outros eventos, conforme o Decreto Municipal n\u00b0 3.099, de 1 de setembro de 2021. A vacina\u00e7\u00e3o pode ser comprovada pelo registro f\u00edsico (caderneta de vacina\u00e7\u00e3o contra a Covid-19) ou de forma digital, tanto pelo Portal VaciVida \u2013<br \/>\nhttps:\/\/vacinaja.sp.gov.br, como pelo aplicativo ConectSUS https:\/\/play.google.com\/store\/apps\/details&#8230;.<br \/>\nOs estabelecimentos e servi\u00e7os pertencentes ao setor de eventos, tais como shows, feiras, congressos e jogos, independentemente do n\u00famero de p\u00fablico, dever\u00e3o solicitar a comprova\u00e7\u00e3o de vacina\u00e7\u00e3o, no m\u00ednimo da primeira dose.<br \/>\nOs estabelecimentos que n\u00e3o respeitarem as regras e restri\u00e7\u00f5es previstas neste decreto e os demais protocolos estabelecidos ficar\u00e3o sujeitos \u00e0s penalidades cab\u00edveis.<\/p>\n<p><a href=\"https:\/\/dosp.com.br\/exibe_do.php?i=MTkyMTIz\" target=\"_blank\" rel=\"noopener\">https:\/\/dosp.com.br\/exibe_do.php?i=MTkyMTIz<\/a><\/p>\n<p>&nbsp;<\/p>\n<p>&nbsp;<\/p>\n","protected":false},"excerpt":{"rendered":"<p>Nesta quinta-feira (30), o Prefeito Marcelo Sim\u00e3o e o Vice-Prefeito Professor M\u00e1rcio Reis se reuniram com comerciantes locais e promoters<\/p>\n","protected":false},"author":1,"featured_media":7127,"comment_status":"closed","ping_status":"open","sticky":false,"template":"","format":"standard","meta":{"footnotes":""},"categories":[40],"tags":[],"class_list":["post-7126","post","type-post","status-publish","format-standard","has-post-thumbnail","hentry","category-covid-19"],"_links":{"self":[{"href":"https:\/\/www.santaritadopassaquatro.sp.gov.br\/portal\/wp-json\/wp\/v2\/posts\/7126","targetHints":{"allow":["GET"]}}],"collection":[{"href":"https:\/\/www.santaritadopassaquatro.sp.gov.br\/portal\/wp-json\/wp\/v2\/posts"}],"about":[{"href":"https:\/\/www.santaritadopassaquatro.sp.gov.br\/portal\/wp-json\/wp\/v2\/types\/post"}],"author":[{"embeddable":true,"href":"https:\/\/www.santaritadopassaquatro.sp.gov.br\/portal\/wp-json\/wp\/v2\/users\/1"}],"replies":[{"embeddable":true,"href":"https:\/\/www.santaritadopassaquatro.sp.gov.br\/portal\/wp-json\/wp\/v2\/comments?post=7126"}],"version-history":[{"count":1,"href":"https:\/\/www.santaritadopassaquatro.sp.gov.br\/portal\/wp-json\/wp\/v2\/posts\/7126\/revisions"}],"predecessor-version":[{"id":7128,"href":"https:\/\/www.santaritadopassaquatro.sp.gov.br\/portal\/wp-json\/wp\/v2\/posts\/7126\/revisions\/7128"}],"wp:featuredmedia":[{"embeddable":true,"href":"https:\/\/www.santaritadopassaquatro.sp.gov.br\/portal\/wp-json\/wp\/v2\/media\/7127"}],"wp:attachment":[{"href":"https:\/\/www.santaritadopassaquatro.sp.gov.br\/portal\/wp-json\/wp\/v2\/media?parent=7126"}],"wp:term":[{"taxonomy":"category","embeddable":true,"href":"https:\/\/www.santaritadopassaquatro.sp.gov.br\/portal\/wp-json\/wp\/v2\/categories?post=7126"},{"taxonomy":"post_tag","embeddable":true,"href":"https:\/\/www.santaritadopassaquatro.sp.gov.br\/portal\/wp-json\/wp\/v2\/tags?post=7126"}],"curies":[{"name":"wp","href":"https:\/\/api.w.org\/{rel}","templated":true}]}}