{"id":7129,"date":"2021-12-30T11:03:31","date_gmt":"2021-12-30T14:03:31","guid":{"rendered":"http:\/\/www.santaritadopassaquatro.sp.gov.br\/portal\/?p=7129"},"modified":"2022-07-28T11:04:10","modified_gmt":"2022-07-28T14:04:10","slug":"retrospectiva-2021-assistencia-social","status":"publish","type":"post","link":"https:\/\/www.santaritadopassaquatro.sp.gov.br\/portal\/retrospectiva-2021-assistencia-social\/","title":{"rendered":"RETROSPECTIVA 2021 \u2013 ASSIST\u00caNCIA SOCIAL"},"content":{"rendered":"<p>O Departamento de Promo\u00e7\u00e3o e Assist\u00eancia Social, atrav\u00e9s da Diretora Patr\u00edcia Jord\u00e3o Mion, realizou ao longo de 2021 diversas a\u00e7\u00f5es, em parceria com todos os departamentos correlatos ao social (CRAS, CREAS, Fundo Social de Solidariedade, CCI e Postos de Sa\u00fade).<br \/>\n&#8211; Parcerias com o Governo Estadual, contemplando diversos Programas, como o Vale G\u00e1s, , SP Acolhe, VIVA Leite;<br \/>\n&#8211; Cursos em Parceria com o Sindicato Rural;<br \/>\n&#8211; Retomada do CCI &#8211; Palestra, almo\u00e7o e jantares para a intera\u00e7\u00e3o entre os idosos;<br \/>\n&#8211; Passeio Pedag\u00f3gico no Dia das Crian\u00e7as no S\u00edtio Santa \u00c2ngela para as crian\u00e7as assistidas pelo CRAS;<br \/>\n&#8211; Natal Solid\u00e1rio com diversas atra\u00e7\u00f5es e entrega de presentes.<\/p>\n<p><a href=\"https:\/\/fb.watch\/evB8v310ww\/\" target=\"_blank\" rel=\"noopener\">https:\/\/fb.watch\/evB8v310ww\/<\/a><\/p>\n","protected":false},"excerpt":{"rendered":"<p>O Departamento de Promo\u00e7\u00e3o e Assist\u00eancia Social, atrav\u00e9s da Diretora Patr\u00edcia Jord\u00e3o Mion, realizou ao longo de 2021 diversas a\u00e7\u00f5es,<\/p>\n","protected":false},"author":1,"featured_media":0,"comment_status":"closed","ping_status":"open","sticky":false,"template":"","format":"standard","meta":{"footnotes":""},"categories":[1],"tags":[],"class_list":["post-7129","post","type-post","status-publish","format-standard","hentry","category-sem-categoria"],"_links":{"self":[{"href":"https:\/\/www.santaritadopassaquatro.sp.gov.br\/portal\/wp-json\/wp\/v2\/posts\/7129","targetHints":{"allow":["GET"]}}],"collection":[{"href":"https:\/\/www.santaritadopassaquatro.sp.gov.br\/portal\/wp-json\/wp\/v2\/posts"}],"about":[{"href":"https:\/\/www.santaritadopassaquatro.sp.gov.br\/portal\/wp-json\/wp\/v2\/types\/post"}],"author":[{"embeddable":true,"href":"https:\/\/www.santaritadopassaquatro.sp.gov.br\/portal\/wp-json\/wp\/v2\/users\/1"}],"replies":[{"embeddable":true,"href":"https:\/\/www.santaritadopassaquatro.sp.gov.br\/portal\/wp-json\/wp\/v2\/comments?post=7129"}],"version-history":[{"count":1,"href":"https:\/\/www.santaritadopassaquatro.sp.gov.br\/portal\/wp-json\/wp\/v2\/posts\/7129\/revisions"}],"predecessor-version":[{"id":7130,"href":"https:\/\/www.santaritadopassaquatro.sp.gov.br\/portal\/wp-json\/wp\/v2\/posts\/7129\/revisions\/7130"}],"wp:attachment":[{"href":"https:\/\/www.santaritadopassaquatro.sp.gov.br\/portal\/wp-json\/wp\/v2\/media?parent=7129"}],"wp:term":[{"taxonomy":"category","embeddable":true,"href":"https:\/\/www.santaritadopassaquatro.sp.gov.br\/portal\/wp-json\/wp\/v2\/categories?post=7129"},{"taxonomy":"post_tag","embeddable":true,"href":"https:\/\/www.santaritadopassaquatro.sp.gov.br\/portal\/wp-json\/wp\/v2\/tags?post=7129"}],"curies":[{"name":"wp","href":"https:\/\/api.w.org\/{rel}","templated":true}]}}