{"id":713,"date":"2019-02-11T10:01:47","date_gmt":"2019-02-11T12:01:47","guid":{"rendered":"http:\/\/www.santaritadopassaquatro.sp.gov.br\/portal\/?p=713"},"modified":"2019-02-11T10:01:47","modified_gmt":"2019-02-11T12:01:47","slug":"regiao-turistica-historias-e-vales-tem-a-primeira-reuniao-dos-municipios","status":"publish","type":"post","link":"https:\/\/www.santaritadopassaquatro.sp.gov.br\/portal\/regiao-turistica-historias-e-vales-tem-a-primeira-reuniao-dos-municipios\/","title":{"rendered":"Regi\u00e3o Tur\u00edstica Hist\u00f3rias e Vales tem a primeira reuni\u00e3o dos munic\u00edpios"},"content":{"rendered":"<figure id=\"attachment_714\" aria-describedby=\"caption-attachment-714\" style=\"width: 300px\" class=\"wp-caption alignleft\"><img decoding=\"async\" class=\"wp-image-714 size-medium\" src=\"http:\/\/www.santaritadopassaquatro.sp.gov.br\/portal\/wp-content\/uploads\/2019\/02\/reuniao_RIT_porto_ferreira-300x225.jpeg\" alt=\"\" width=\"300\" height=\"225\" srcset=\"https:\/\/www.santaritadopassaquatro.sp.gov.br\/portal\/wp-content\/uploads\/2019\/02\/reuniao_RIT_porto_ferreira-300x225.jpeg 300w, https:\/\/www.santaritadopassaquatro.sp.gov.br\/portal\/wp-content\/uploads\/2019\/02\/reuniao_RIT_porto_ferreira-768x576.jpeg 768w, https:\/\/www.santaritadopassaquatro.sp.gov.br\/portal\/wp-content\/uploads\/2019\/02\/reuniao_RIT_porto_ferreira-1024x768.jpeg 1024w, https:\/\/www.santaritadopassaquatro.sp.gov.br\/portal\/wp-content\/uploads\/2019\/02\/reuniao_RIT_porto_ferreira.jpeg 1040w\" sizes=\"(max-width: 300px) 100vw, 300px\" \/><figcaption id=\"caption-attachment-714\" class=\"wp-caption-text\"><span style=\"font-size: 8pt; color: #999999;\"><em>Presentes na primeira reuni\u00e3o do ano da Regi\u00e3o Tur\u00edstica Hist\u00f3rias e Vales, realizada em Porto Ferreira (Divulga\u00e7\u00e3o)<\/em><\/span><\/figcaption><\/figure>\n<p>O primeiro encontro da governan\u00e7a da Regi\u00e3o Tur\u00edstica Hist\u00f3rias e Vales deste ano ocorreu no \u00faltimo dia 31 de janeiro, quinta-feira, nas depend\u00eancias do Centro de Forma\u00e7\u00e3o Profissional Irpo Perondi, em Porto Ferreira.<\/p><\/div>\n<p>A Regi\u00e3o Tur\u00edstica (RT) Hist\u00f3rias e Vales \u00e9 formada por nove munic\u00edpios da regi\u00e3o e re\u00fane uma popula\u00e7\u00e3o estimada em mais de 600 mil habitantes.<\/p>\n<p>Dentro desta regi\u00e3o existem diversas atra\u00e7\u00f5es tur\u00edsticas, tendo como principal chamariz o Circuito Caminho da Paz, de import\u00e2ncia para o desenvolvimento econ\u00f4mico, tur\u00edstico, ecol\u00f3gico e cultural dos munic\u00edpios que o integram.<\/p>\n<p>Al\u00e9m disso, cada cidade explora suas potencialidades.<\/p>\n<p>Localizada na regi\u00e3o central do Estado de S\u00e3o Paulo, a Regi\u00e3o Tur\u00edstica Hist\u00f3rias e Vales \u00e9 composta pelas cidades de Pirassununga, Descalvado, Leme, Porto Ferreira, Santa Cruz da Concei\u00e7\u00e3o, Santa Cruz das Palmeiras, Santa Rita do Passa Quatro, S\u00e3o Carlos e Tamba\u00fa.<\/p>\n<p><strong>\u00a0<\/strong><\/p>\n<p><strong>\u00a0<\/strong><\/p>\n<p>&nbsp;<\/p>\n<p>&nbsp;<\/p>\n<p>&nbsp;<\/p>\n","protected":false},"excerpt":{"rendered":"<p>O primeiro encontro da governan\u00e7a da Regi\u00e3o Tur\u00edstica Hist\u00f3rias e Vales deste ano ocorreu no \u00faltimo dia 31 de janeiro,<\/p>\n","protected":false},"author":1,"featured_media":0,"comment_status":"closed","ping_status":"open","sticky":false,"template":"","format":"standard","meta":{"footnotes":""},"categories":[60],"tags":[],"class_list":["post-713","post","type-post","status-publish","format-standard","hentry","category-turismo"],"_links":{"self":[{"href":"https:\/\/www.santaritadopassaquatro.sp.gov.br\/portal\/wp-json\/wp\/v2\/posts\/713","targetHints":{"allow":["GET"]}}],"collection":[{"href":"https:\/\/www.santaritadopassaquatro.sp.gov.br\/portal\/wp-json\/wp\/v2\/posts"}],"about":[{"href":"https:\/\/www.santaritadopassaquatro.sp.gov.br\/portal\/wp-json\/wp\/v2\/types\/post"}],"author":[{"embeddable":true,"href":"https:\/\/www.santaritadopassaquatro.sp.gov.br\/portal\/wp-json\/wp\/v2\/users\/1"}],"replies":[{"embeddable":true,"href":"https:\/\/www.santaritadopassaquatro.sp.gov.br\/portal\/wp-json\/wp\/v2\/comments?post=713"}],"version-history":[{"count":0,"href":"https:\/\/www.santaritadopassaquatro.sp.gov.br\/portal\/wp-json\/wp\/v2\/posts\/713\/revisions"}],"wp:attachment":[{"href":"https:\/\/www.santaritadopassaquatro.sp.gov.br\/portal\/wp-json\/wp\/v2\/media?parent=713"}],"wp:term":[{"taxonomy":"category","embeddable":true,"href":"https:\/\/www.santaritadopassaquatro.sp.gov.br\/portal\/wp-json\/wp\/v2\/categories?post=713"},{"taxonomy":"post_tag","embeddable":true,"href":"https:\/\/www.santaritadopassaquatro.sp.gov.br\/portal\/wp-json\/wp\/v2\/tags?post=713"}],"curies":[{"name":"wp","href":"https:\/\/api.w.org\/{rel}","templated":true}]}}