{"id":7133,"date":"2021-12-28T11:06:19","date_gmt":"2021-12-28T14:06:19","guid":{"rendered":"http:\/\/www.santaritadopassaquatro.sp.gov.br\/portal\/?p=7133"},"modified":"2022-07-28T11:07:12","modified_gmt":"2022-07-28T14:07:12","slug":"retrospectiva-2021-turismo","status":"publish","type":"post","link":"https:\/\/www.santaritadopassaquatro.sp.gov.br\/portal\/retrospectiva-2021-turismo\/","title":{"rendered":"RETROSPECTIVA 2021 \u2013 TURISMO"},"content":{"rendered":"<p>Mesmo com todas as dificuldades ocasionadas pela Pandemia, o Departamento de Turismo, atrav\u00e9s da Diretora Laura Yumi, trabalhou intensamente para a retomada do Turismo em Santa Rita do Passa Quatro. Diversas a\u00e7\u00f5es trouxeram eventos como a Copa Soul de Mountain-Bike, Natal Esperan\u00e7a \u2013 A Magia do Renascimento, Festival Zequinha de Abreu, Natal Sertanejo, entre tantos outros.<br \/>\nHouve tamb\u00e9m uma reestrutura\u00e7\u00e3o do COMTUR, Ades\u00e3o ao ADETUR \u2013 Ag\u00eancia de Desenvolvimento ao Turismo e cria\u00e7\u00e3o do FUMTUR, importante instrumento de capta\u00e7\u00e3o e aplica\u00e7\u00e3o de recursos.<br \/>\nA Prefeitura assinou conv\u00eanio com o DADETUR no qual receber\u00e1 cerca de R$ 3 milh\u00f5es que ser\u00e3o utilizados para a revitaliza\u00e7\u00e3o do Jardim do Lago e constru\u00e7\u00e3o de uma ciclovia na Avenida Pio Corso.<\/p>\n<p><a href=\"https:\/\/fb.watch\/evBc7tOfwJ\/\" target=\"_blank\" rel=\"noopener\">https:\/\/fb.watch\/evBc7tOfwJ\/<\/a><\/p>\n","protected":false},"excerpt":{"rendered":"<p>Mesmo com todas as dificuldades ocasionadas pela Pandemia, o Departamento de Turismo, atrav\u00e9s da Diretora Laura Yumi, trabalhou intensamente para<\/p>\n","protected":false},"author":1,"featured_media":0,"comment_status":"closed","ping_status":"open","sticky":false,"template":"","format":"standard","meta":{"footnotes":""},"categories":[60],"tags":[],"class_list":["post-7133","post","type-post","status-publish","format-standard","hentry","category-turismo"],"_links":{"self":[{"href":"https:\/\/www.santaritadopassaquatro.sp.gov.br\/portal\/wp-json\/wp\/v2\/posts\/7133","targetHints":{"allow":["GET"]}}],"collection":[{"href":"https:\/\/www.santaritadopassaquatro.sp.gov.br\/portal\/wp-json\/wp\/v2\/posts"}],"about":[{"href":"https:\/\/www.santaritadopassaquatro.sp.gov.br\/portal\/wp-json\/wp\/v2\/types\/post"}],"author":[{"embeddable":true,"href":"https:\/\/www.santaritadopassaquatro.sp.gov.br\/portal\/wp-json\/wp\/v2\/users\/1"}],"replies":[{"embeddable":true,"href":"https:\/\/www.santaritadopassaquatro.sp.gov.br\/portal\/wp-json\/wp\/v2\/comments?post=7133"}],"version-history":[{"count":1,"href":"https:\/\/www.santaritadopassaquatro.sp.gov.br\/portal\/wp-json\/wp\/v2\/posts\/7133\/revisions"}],"predecessor-version":[{"id":7134,"href":"https:\/\/www.santaritadopassaquatro.sp.gov.br\/portal\/wp-json\/wp\/v2\/posts\/7133\/revisions\/7134"}],"wp:attachment":[{"href":"https:\/\/www.santaritadopassaquatro.sp.gov.br\/portal\/wp-json\/wp\/v2\/media?parent=7133"}],"wp:term":[{"taxonomy":"category","embeddable":true,"href":"https:\/\/www.santaritadopassaquatro.sp.gov.br\/portal\/wp-json\/wp\/v2\/categories?post=7133"},{"taxonomy":"post_tag","embeddable":true,"href":"https:\/\/www.santaritadopassaquatro.sp.gov.br\/portal\/wp-json\/wp\/v2\/tags?post=7133"}],"curies":[{"name":"wp","href":"https:\/\/api.w.org\/{rel}","templated":true}]}}