{"id":7135,"date":"2021-12-28T11:07:36","date_gmt":"2021-12-28T14:07:36","guid":{"rendered":"http:\/\/www.santaritadopassaquatro.sp.gov.br\/portal\/?p=7135"},"modified":"2022-07-28T11:08:51","modified_gmt":"2022-07-28T14:08:51","slug":"departamento-de-cultura-contemplou-mais-de-120-artistas-espacos-e-projetos-artisticos-culturais-pela-lei-aldir-blanc-em-santa-rita","status":"publish","type":"post","link":"https:\/\/www.santaritadopassaquatro.sp.gov.br\/portal\/departamento-de-cultura-contemplou-mais-de-120-artistas-espacos-e-projetos-artisticos-culturais-pela-lei-aldir-blanc-em-santa-rita\/","title":{"rendered":"DEPARTAMENTO DE CULTURA CONTEMPLOU MAIS DE 120 ARTISTAS, ESPA\u00c7OS E PROJETOS ART\u00cdSTICOS\u2013CULTURAIS PELA LEI ALDIR BLANC EM SANTA RITA"},"content":{"rendered":"<p>A contempla\u00e7\u00e3o dos artistas, espa\u00e7os e projetos art\u00edsticos-culturais pela Lei Aldir Blanc foi uma a\u00e7\u00e3o da Prefeitura Municipal de Santa Rita do Passa Quatro, atrav\u00e9s do Departamento de Turismo, Cultura, Esportes e Lazer, onde mais de 120 artistas foram contemplados, sendo 84 Agentes Culturais, 14 Atra\u00e7\u00f5es Musicais, 3 Espa\u00e7os Culturais e 27 Projetos Art\u00edsticos-Culturais. Muitos deles participaram da Programa\u00e7\u00e3o do Natal Esperan\u00e7a \u2013 A Magia do Renascimento, de 10 a 23 de dezembro de 2021. Os projetos premiados abrangem as mais variadas \u00e1reas art\u00edsticas-culturais e ser\u00e3o executados por meio de propostas que atende v\u00e1rias esferas da popula\u00e7\u00e3o no 1\u00ba semestre de 2022.<br \/>\nA Prefeitura abriu em novembro procedimento de chamamento p\u00fablico para atendimento \u00e0 Lei Federal de Emerg\u00eancia Cultural Aldir Blanc n\u00ba 14.017\/2020, a partir das altera\u00e7\u00f5es provocadas pela lei 14.150\/2021, para os munic\u00edpios que n\u00e3o cadastraram plano de a\u00e7\u00e3o em 2020. A verba foi proveniente do repasse financeiro do Minist\u00e9rio do Turismo sob o plano de a\u00e7\u00e3o n\u00ba 07208420210001-005993, cujo o valor total destinado ao munic\u00edpio foi de R$ 214.405,13 e realizado em conformidade com os incisos II e III do artigo 2\u00ba do Decreto Federal 10.464\/2020.<br \/>\nO valor foi distribu\u00eddo pelo munic\u00edpio por meio da cria\u00e7\u00e3o de 4 editais: SUBS\u00cdDIO PARA ESPA\u00c7OS ART\u00cdSTICOS E CULTURAIS, PREMIA\u00c7\u00c3O POR \u201cTRAJET\u00d3RIA CULTURAL, PREMIA\u00c7\u00c3O DE \u201cPROJETOS ART\u00cdSTICOS-CULTURAIS\u201d e PREMIA\u00c7\u00c3O DE \u201cPROJETOS ART\u00cdSTICOS \u2013 CULTURAIS \u2013 VERBAS REMANESCENTES. As inscri\u00e7\u00f5es para os tr\u00eas primeiros editais aconteceram de 04 de novembro a 16 de novembro 2021 e do 4\u00ba edital aconteceu de 10 a 17 de dezembro.<\/p>\n<p>&nbsp;<\/p>\n","protected":false},"excerpt":{"rendered":"<p>A contempla\u00e7\u00e3o dos artistas, espa\u00e7os e projetos art\u00edsticos-culturais pela Lei Aldir Blanc foi uma a\u00e7\u00e3o da Prefeitura Municipal de Santa<\/p>\n","protected":false},"author":1,"featured_media":7136,"comment_status":"closed","ping_status":"open","sticky":false,"template":"","format":"standard","meta":{"footnotes":""},"categories":[46],"tags":[],"class_list":["post-7135","post","type-post","status-publish","format-standard","has-post-thumbnail","hentry","category-cultura"],"_links":{"self":[{"href":"https:\/\/www.santaritadopassaquatro.sp.gov.br\/portal\/wp-json\/wp\/v2\/posts\/7135","targetHints":{"allow":["GET"]}}],"collection":[{"href":"https:\/\/www.santaritadopassaquatro.sp.gov.br\/portal\/wp-json\/wp\/v2\/posts"}],"about":[{"href":"https:\/\/www.santaritadopassaquatro.sp.gov.br\/portal\/wp-json\/wp\/v2\/types\/post"}],"author":[{"embeddable":true,"href":"https:\/\/www.santaritadopassaquatro.sp.gov.br\/portal\/wp-json\/wp\/v2\/users\/1"}],"replies":[{"embeddable":true,"href":"https:\/\/www.santaritadopassaquatro.sp.gov.br\/portal\/wp-json\/wp\/v2\/comments?post=7135"}],"version-history":[{"count":1,"href":"https:\/\/www.santaritadopassaquatro.sp.gov.br\/portal\/wp-json\/wp\/v2\/posts\/7135\/revisions"}],"predecessor-version":[{"id":7137,"href":"https:\/\/www.santaritadopassaquatro.sp.gov.br\/portal\/wp-json\/wp\/v2\/posts\/7135\/revisions\/7137"}],"wp:featuredmedia":[{"embeddable":true,"href":"https:\/\/www.santaritadopassaquatro.sp.gov.br\/portal\/wp-json\/wp\/v2\/media\/7136"}],"wp:attachment":[{"href":"https:\/\/www.santaritadopassaquatro.sp.gov.br\/portal\/wp-json\/wp\/v2\/media?parent=7135"}],"wp:term":[{"taxonomy":"category","embeddable":true,"href":"https:\/\/www.santaritadopassaquatro.sp.gov.br\/portal\/wp-json\/wp\/v2\/categories?post=7135"},{"taxonomy":"post_tag","embeddable":true,"href":"https:\/\/www.santaritadopassaquatro.sp.gov.br\/portal\/wp-json\/wp\/v2\/tags?post=7135"}],"curies":[{"name":"wp","href":"https:\/\/api.w.org\/{rel}","templated":true}]}}