{"id":7140,"date":"2021-12-28T11:10:10","date_gmt":"2021-12-28T14:10:10","guid":{"rendered":"http:\/\/www.santaritadopassaquatro.sp.gov.br\/portal\/?p=7140"},"modified":"2022-07-28T11:10:59","modified_gmt":"2022-07-28T14:10:59","slug":"luzes-sim-explosoes-nao","status":"publish","type":"post","link":"https:\/\/www.santaritadopassaquatro.sp.gov.br\/portal\/luzes-sim-explosoes-nao\/","title":{"rendered":"Luzes sim, explos\u00f5es N\u00c3O"},"content":{"rendered":"<p>Sin\u00f4nimo de comemora\u00e7\u00e3o, os fogos na verdade carregam muitos perigos<br \/>\nOs fogos de artif\u00edcio fazem um lindo espet\u00e1culo visual nas festas de r\u00e9veillon, celebram dias santos e vit\u00f3rias de times de futebol, divertem crian\u00e7as e adultos em festas juninas. Por isso, geralmente s\u00e3o relacionados a comemora\u00e7\u00e3o, festa, alegria.<br \/>\nMas essa imagem deve ser desvinculada. Os fogos de artif\u00edcio s\u00e3o nocivos, perigosos e invasivos, trazendo s\u00e9rios riscos \u00e0 popula\u00e7\u00e3o, aos animais e ao meio ambiente.<br \/>\nSanta Rita j\u00e1 adotou a proibi\u00e7\u00e3o de Fogos e Artif\u00edcios com estampidos com a Lei 3.599, consolidada no dia 03 de mar\u00e7o de 2021. J\u00e1 em julho, o Governo Estadual tamb\u00e9m proibiu a queima, soltura, comercializa\u00e7\u00e3o, armazenamento e transporte de fogos de artif\u00edcio e de artefato pirot\u00e9cnico de estampido no estado de S\u00e3o Paulo<br \/>\nOs fogos e artif\u00edcios fazem mal \u00e0 animais, humanos e at\u00e9 ao meio ambiente:<br \/>\nMeio Ambiente<br \/>\nA queima de fogos de artif\u00edcio emite compostos poluentes para a atmosfera, o que tamb\u00e9m a caracteriza como uma forma de polui\u00e7\u00e3o do ar. Isso tem efeitos n\u00e3o s\u00f3 no meio ambiente, mas na sa\u00fade humana.<br \/>\nH\u00e1 ainda o risco de inc\u00eandio, colocando em risco pessoas, faunas, floras e contribuindo ainda mais com a polui\u00e7\u00e3o atmosf\u00e9rica.<br \/>\nHumanos<br \/>\nSabia que mais da metade dos casos de queimadura de m\u00e3o s\u00e3o em decorr\u00eancia do uso de fogos de artif\u00edcio?<br \/>\nIsso mesmo. Tamb\u00e9m h\u00e1 risco de queimaduras nos olhos, inclusive com perda de vis\u00e3o, amputamento de membros e problemas auditivos gerados pelos estampidos.<br \/>\nEles causam estresse nas crian\u00e7as, incomodam quem est\u00e1 dormindo e pessoas em hospitais. Podem causar ataque epil\u00e9tico, ataque card\u00edaco e desnorteamento.<br \/>\nOu seja, uma forma de divertimento altamente perigosa, que faz mal n\u00e3o s\u00f3 a quem assume o risco e solta fogos, mas at\u00e9 a quem est\u00e1 a quil\u00f4metros de dist\u00e2ncia.<br \/>\nAnimais<br \/>\nQuem tem um animalzinho de estima\u00e7\u00e3o sabe o quanto o barulho dos fogos provoca rea\u00e7\u00f5es de estresse e ansiedade neles.<br \/>\nNo desespero de fugir do barulho, eles podem ficar desnorteados, agressivos, se machucarem ou fugirem. Podem ainda sofrer ataques card\u00edacos, convuls\u00f5es e ter a audi\u00e7\u00e3o prejudicada.<br \/>\nEssas rea\u00e7\u00f5es podem acontecer em animais silvestres tamb\u00e9m.<br \/>\nComemore a chegada do ano novo de forma consciente, n\u00e3o solte fogos!<\/p>\n","protected":false},"excerpt":{"rendered":"<p>Sin\u00f4nimo de comemora\u00e7\u00e3o, os fogos na verdade carregam muitos perigos Os fogos de artif\u00edcio fazem um lindo espet\u00e1culo visual nas<\/p>\n","protected":false},"author":1,"featured_media":7141,"comment_status":"closed","ping_status":"open","sticky":false,"template":"","format":"standard","meta":{"footnotes":""},"categories":[53],"tags":[],"class_list":["post-7140","post","type-post","status-publish","format-standard","has-post-thumbnail","hentry","category-meio-ambiente"],"_links":{"self":[{"href":"https:\/\/www.santaritadopassaquatro.sp.gov.br\/portal\/wp-json\/wp\/v2\/posts\/7140","targetHints":{"allow":["GET"]}}],"collection":[{"href":"https:\/\/www.santaritadopassaquatro.sp.gov.br\/portal\/wp-json\/wp\/v2\/posts"}],"about":[{"href":"https:\/\/www.santaritadopassaquatro.sp.gov.br\/portal\/wp-json\/wp\/v2\/types\/post"}],"author":[{"embeddable":true,"href":"https:\/\/www.santaritadopassaquatro.sp.gov.br\/portal\/wp-json\/wp\/v2\/users\/1"}],"replies":[{"embeddable":true,"href":"https:\/\/www.santaritadopassaquatro.sp.gov.br\/portal\/wp-json\/wp\/v2\/comments?post=7140"}],"version-history":[{"count":1,"href":"https:\/\/www.santaritadopassaquatro.sp.gov.br\/portal\/wp-json\/wp\/v2\/posts\/7140\/revisions"}],"predecessor-version":[{"id":7142,"href":"https:\/\/www.santaritadopassaquatro.sp.gov.br\/portal\/wp-json\/wp\/v2\/posts\/7140\/revisions\/7142"}],"wp:featuredmedia":[{"embeddable":true,"href":"https:\/\/www.santaritadopassaquatro.sp.gov.br\/portal\/wp-json\/wp\/v2\/media\/7141"}],"wp:attachment":[{"href":"https:\/\/www.santaritadopassaquatro.sp.gov.br\/portal\/wp-json\/wp\/v2\/media?parent=7140"}],"wp:term":[{"taxonomy":"category","embeddable":true,"href":"https:\/\/www.santaritadopassaquatro.sp.gov.br\/portal\/wp-json\/wp\/v2\/categories?post=7140"},{"taxonomy":"post_tag","embeddable":true,"href":"https:\/\/www.santaritadopassaquatro.sp.gov.br\/portal\/wp-json\/wp\/v2\/tags?post=7140"}],"curies":[{"name":"wp","href":"https:\/\/api.w.org\/{rel}","templated":true}]}}