{"id":7144,"date":"2022-07-29T10:58:41","date_gmt":"2022-07-29T13:58:41","guid":{"rendered":"http:\/\/www.santaritadopassaquatro.sp.gov.br\/portal\/?p=7144"},"modified":"2022-07-29T10:58:41","modified_gmt":"2022-07-29T13:58:41","slug":"viva-a-infancia-infancia-viva","status":"publish","type":"post","link":"https:\/\/www.santaritadopassaquatro.sp.gov.br\/portal\/viva-a-infancia-infancia-viva\/","title":{"rendered":"VIVA A INF\u00c2NCIA&#8230;INF\u00c2NCIA VIVA"},"content":{"rendered":"<p>No dia de ontem, 27\/07, teve in\u00edcio a I JORNADA PEDAG\u00d3GICA DO ENSINO INFANTIL, um evento da Prefeitura Municipal de Santa Rita do Passa Quatro, em uma parceria entre o Departamento de Educa\u00e7\u00e3o e a RGO Consultoria e Assessoria Pedag\u00f3gica.<\/p>\n<p>\u201cViva a Inf\u00e2ncia&#8230; Inf\u00e2ncia Viva!\u201d. Orienta a ideia de que a crian\u00e7a \u00e9 um ser biopsicossocial e, portanto, sua forma\u00e7\u00e3o deve ser integral, de modo a proporcionar a\u00e7\u00f5es e pr\u00e1ticas que desenvolvam potencialidades inerentes aos aspectos f\u00edsicos, psicol\u00f3gicos, intelectuais e sociais.<\/p>\n<p>Neste contexto, o evento, por meio de palestras e oficinas, objetiva oportunizar momentos de reflex\u00e3o, planejamentos e trocas de conhecimentos a respeito do processo formativo na Educa\u00e7\u00e3o Infantil, bem como da atua\u00e7\u00e3o profissional concernente \u00e0s experi\u00eancias das educadoras em intera\u00e7\u00e3o com seus territ\u00f3rios de inser\u00e7\u00e3o, desafios e possibilidades de pr\u00e1ticas, com destaque para a reinven\u00e7\u00e3o da a\u00e7\u00e3o educativa, reflex\u00e3o da identidade profissional e disponibilidades socioafetivas. Trata-se, pois, de um momento importante que concebe a forma\u00e7\u00e3o continuada como qualifica\u00e7\u00e3o profissional que tende a potencializar as pr\u00e1ticas j\u00e1 exercidas.<\/p>\n<p>A Jornada evidencia o compromisso da atual gest\u00e3o que se inspira na ideia de que uma educa\u00e7\u00e3o de excel\u00eancia se faz por meio da constru\u00e7\u00e3o de uma pr\u00e1tica educacional dialogada e compartilhada.<\/p>\n<p>O evento continua hoje e encerra nesta sexta-feira (29), no Centro Cultural M\u00e1rio Covas.<\/p>\n<p>#educa\u00e7\u00e3o<\/p>\n<p>#cidadepoema<\/p>\n<p>#srpq<\/p>\n<p><img decoding=\"async\" class=\"aligncenter size-large wp-image-7146\" src=\"http:\/\/www.santaritadopassaquatro.sp.gov.br\/portal\/wp-content\/uploads\/2022\/07\/WhatsApp-Image-2022-07-28-at-10.52.12-2.jpeg\" alt=\"\" width=\"800\" height=\"420\" \/> <img decoding=\"async\" class=\"aligncenter size-large wp-image-7147\" src=\"http:\/\/www.santaritadopassaquatro.sp.gov.br\/portal\/wp-content\/uploads\/2022\/07\/WhatsApp-Image-2022-07-28-at-10.52.12-3.jpeg\" alt=\"\" width=\"800\" height=\"420\" \/> <img decoding=\"async\" class=\"aligncenter size-full wp-image-7148\" src=\"http:\/\/www.santaritadopassaquatro.sp.gov.br\/portal\/wp-content\/uploads\/2022\/07\/WhatsApp-Image-2022-07-28-at-10.52.12.jpeg\" alt=\"\" width=\"1200\" height=\"630\" \/><\/p>\n","protected":false},"excerpt":{"rendered":"<p>No dia de ontem, 27\/07, teve in\u00edcio a I JORNADA PEDAG\u00d3GICA DO ENSINO INFANTIL, um evento da Prefeitura Municipal de<\/p>\n","protected":false},"author":1,"featured_media":7145,"comment_status":"closed","ping_status":"open","sticky":false,"template":"","format":"standard","meta":{"footnotes":""},"categories":[28],"tags":[],"class_list":["post-7144","post","type-post","status-publish","format-standard","has-post-thumbnail","hentry","category-educacao"],"_links":{"self":[{"href":"https:\/\/www.santaritadopassaquatro.sp.gov.br\/portal\/wp-json\/wp\/v2\/posts\/7144","targetHints":{"allow":["GET"]}}],"collection":[{"href":"https:\/\/www.santaritadopassaquatro.sp.gov.br\/portal\/wp-json\/wp\/v2\/posts"}],"about":[{"href":"https:\/\/www.santaritadopassaquatro.sp.gov.br\/portal\/wp-json\/wp\/v2\/types\/post"}],"author":[{"embeddable":true,"href":"https:\/\/www.santaritadopassaquatro.sp.gov.br\/portal\/wp-json\/wp\/v2\/users\/1"}],"replies":[{"embeddable":true,"href":"https:\/\/www.santaritadopassaquatro.sp.gov.br\/portal\/wp-json\/wp\/v2\/comments?post=7144"}],"version-history":[{"count":1,"href":"https:\/\/www.santaritadopassaquatro.sp.gov.br\/portal\/wp-json\/wp\/v2\/posts\/7144\/revisions"}],"predecessor-version":[{"id":7149,"href":"https:\/\/www.santaritadopassaquatro.sp.gov.br\/portal\/wp-json\/wp\/v2\/posts\/7144\/revisions\/7149"}],"wp:featuredmedia":[{"embeddable":true,"href":"https:\/\/www.santaritadopassaquatro.sp.gov.br\/portal\/wp-json\/wp\/v2\/media\/7145"}],"wp:attachment":[{"href":"https:\/\/www.santaritadopassaquatro.sp.gov.br\/portal\/wp-json\/wp\/v2\/media?parent=7144"}],"wp:term":[{"taxonomy":"category","embeddable":true,"href":"https:\/\/www.santaritadopassaquatro.sp.gov.br\/portal\/wp-json\/wp\/v2\/categories?post=7144"},{"taxonomy":"post_tag","embeddable":true,"href":"https:\/\/www.santaritadopassaquatro.sp.gov.br\/portal\/wp-json\/wp\/v2\/tags?post=7144"}],"curies":[{"name":"wp","href":"https:\/\/api.w.org\/{rel}","templated":true}]}}