{"id":7150,"date":"2022-07-29T11:01:28","date_gmt":"2022-07-29T14:01:28","guid":{"rendered":"http:\/\/www.santaritadopassaquatro.sp.gov.br\/portal\/?p=7150"},"modified":"2022-07-29T11:01:28","modified_gmt":"2022-07-29T14:01:28","slug":"sebrae-sp-oferece-capacitacao-gratuita-para-micro-e-pequenas-empresas-da-industria-e-servicos-da-construcao-civil-de-santa-rita-do-passa-quatro","status":"publish","type":"post","link":"https:\/\/www.santaritadopassaquatro.sp.gov.br\/portal\/sebrae-sp-oferece-capacitacao-gratuita-para-micro-e-pequenas-empresas-da-industria-e-servicos-da-construcao-civil-de-santa-rita-do-passa-quatro\/","title":{"rendered":"Sebrae-SP oferece capacita\u00e7\u00e3o gratuita para micro e pequenas empresas da ind\u00fastria e servi\u00e7os da constru\u00e7\u00e3o civil de Santa Rita do Passa Quatro"},"content":{"rendered":"<p>O Programa vai ocorrer\u00e1 durante o m\u00eas de agosto com aulas focadas nos empreendedores, na gest\u00e3o dos neg\u00f3cios e no acesso a novos mercados; inscri\u00e7\u00f5es est\u00e3o abertas<\/p>\n<p>Com o objetivo de capacitar os pequenos neg\u00f3cios da ind\u00fastria e de servi\u00e7os de constru\u00e7\u00e3o civil de S\u00e3o Carlos, o Sebrae-SP realiza o projeto FATURE MAIS! DO PROJETO \u00c0 CASA PRONTA PARA MORAR durante o pr\u00f3ximo m\u00eas de agosto. Os encontros online v\u00e3o tratar desde intelig\u00eancia emocional at\u00e9 segmenta\u00e7\u00e3o de clientes, fluxo de caixa, atendimento e acesso a novos mercados por meio de consultorias de gest\u00e3o e rodada de neg\u00f3cios. As empresas interessadas poder\u00e3o se inscrever pelo Link de auto inscri\u00e7\u00e3o a MASTER CLASS \u2013 EDGAR UEDA: <a href=\"https:\/\/empreendarapido.sebraesp.com.br\/produto\/turma\/21864070\" target=\"_blank\" rel=\"noopener\">https:\/\/empreendarapido.sebraesp.com.br\/produto\/turma\/21864070<\/a> e para participar do Projeto o Link de auto inscri\u00e7\u00e3o: <a href=\"https:\/\/inscricao.sebraesp.com.br\/kit\/turma\/26901\" target=\"_blank\" rel=\"noopener\">https:\/\/inscricao.sebraesp.com.br\/kit\/turma\/26901 <\/a>.<\/p>\n<p>&nbsp;<\/p>\n<p>Mais informa\u00e7\u00f5es pelo telefone (19) 3584-8548.<\/p>\n<p>A capacita\u00e7\u00e3o foi pensada diante da demanda crescente no setor. As vendas de im\u00f3veis no Brasil subiram 6,2% no primeiro trimestre de 2022 em compara\u00e7\u00e3o ao mesmo per\u00edodo de 2021, enquanto que o n\u00famero de lan\u00e7amentos de novos empreendimentos registrou alta de 2,2% segundo levantamento da Associa\u00e7\u00e3o Brasileira de Incorporadoras Imobili\u00e1rias (ABRAINC), em parceria com a Funda\u00e7\u00e3o Instituto de Pesquisas Econ\u00f4micas (FIPE).<\/p>\n<p>&#8220;Nesse momento de retomada econ\u00f4mica, esses segmentos, que j\u00e1 vinham numa crescente, tendem a ganhar ainda mais impulso, abrindo oportunidades de desenvolvimento e capacita\u00e7\u00e3o profissional. Estamos atentos a esse cen\u00e1rio para auxiliar essas empresas a estarem ainda mais preparadas para as oportunidades que chegam e, tamb\u00e9m, buscarem novos mercados para seguirem faturando cada vez mais&#8221;, explica o consultor de neg\u00f3cios do Sebrae-SP, Luis Adriano Alves Pinto.<\/p>\n<p>O PROJETO<\/p>\n<p>As micro e pequenas empresas inscritas poder\u00e3o participar das tr\u00eas fases do projeto. A primeira ser\u00e1 focada nos empreendedores, com uma apresenta\u00e7\u00e3o masterclass online no dia 02 de agosto, \u00e0s 19h, ministrada por Edgar Ueda, empres\u00e1rio no ramo imobili\u00e1rio, investidor, palestrante e escritor best-seller. J\u00e1 no dia seguinte (03) ser\u00e1 a vez de uma palestra sobre intelig\u00eancia emocional e como ela \u00e9 importante no dia a dia dos neg\u00f3cios.<\/p>\n<p>A segunda fase ter\u00e1 como foco o pensar na empresa, com aulas de 10 passos para segmentar seus clientes (04\/08); fluxo de caixa (08\/08), atendimento ao cliente (09\/08) e fideliza\u00e7\u00e3o (10\/08), os encontros acontecer\u00e3o sempre \u00e0s 19h00.<\/p>\n<p>A terceira e \u00faltima fase vai mostrar as oportunidades de acesso a novos mercados por meio de consultorias de gest\u00e3o \u00e0 dist\u00e2ncia, com os temas de objetivos e metas e planejamento estrat\u00e9gico, ambas entre os dias 12 e 31 de agosto. Por fim, ainda em agosto, as empresas poder\u00e3o participar de uma rodada de neg\u00f3cios com potenciais clientes para oferecerem seus produtos e servi\u00e7os e, assim, terem a oportunidade de aumentar o faturamento conquistando novos clientes. As consultorias ser\u00e3o agendadas previamente de acordo com a disponibilidade em hor\u00e1rio comercial com o empreendedor.<\/p>\n<p>Inscri\u00e7\u00f5es gratuitas:<\/p>\n<p>Link de auto inscri\u00e7\u00e3o MASTER CLASS: <a href=\"https:\/\/empreendarapido.sebraesp.com.br\/produto\/turma\/21864070\" target=\"_blank\" rel=\"noopener\">https:\/\/empreendarapido.sebraesp.com.br\/produto\/turma\/21864070<\/a><\/p>\n<p>Link de auto inscri\u00e7\u00e3o para o FATURE MAIS: <a href=\"https:\/\/inscricao.sebraesp.com.br\/kit\/turma\/26901\" target=\"_blank\" rel=\"noopener\">https:\/\/inscricao.sebraesp.com.br\/kit\/turma\/26901<\/a><\/p>\n<p><img decoding=\"async\" class=\"aligncenter size-full wp-image-7152\" src=\"http:\/\/www.santaritadopassaquatro.sp.gov.br\/portal\/wp-content\/uploads\/2022\/07\/a947c97d-1548-4fc2-b3d4-be51db11d782.jpg\" alt=\"\" width=\"1280\" height=\"720\" \/><\/p>\n","protected":false},"excerpt":{"rendered":"<p>O Programa vai ocorrer\u00e1 durante o m\u00eas de agosto com aulas focadas nos empreendedores, na gest\u00e3o dos neg\u00f3cios e no<\/p>\n","protected":false},"author":1,"featured_media":7151,"comment_status":"closed","ping_status":"open","sticky":false,"template":"","format":"standard","meta":{"footnotes":""},"categories":[47,48],"tags":[],"class_list":["post-7150","post","type-post","status-publish","format-standard","has-post-thumbnail","hentry","category-desenvovimento","category-featured"],"_links":{"self":[{"href":"https:\/\/www.santaritadopassaquatro.sp.gov.br\/portal\/wp-json\/wp\/v2\/posts\/7150","targetHints":{"allow":["GET"]}}],"collection":[{"href":"https:\/\/www.santaritadopassaquatro.sp.gov.br\/portal\/wp-json\/wp\/v2\/posts"}],"about":[{"href":"https:\/\/www.santaritadopassaquatro.sp.gov.br\/portal\/wp-json\/wp\/v2\/types\/post"}],"author":[{"embeddable":true,"href":"https:\/\/www.santaritadopassaquatro.sp.gov.br\/portal\/wp-json\/wp\/v2\/users\/1"}],"replies":[{"embeddable":true,"href":"https:\/\/www.santaritadopassaquatro.sp.gov.br\/portal\/wp-json\/wp\/v2\/comments?post=7150"}],"version-history":[{"count":1,"href":"https:\/\/www.santaritadopassaquatro.sp.gov.br\/portal\/wp-json\/wp\/v2\/posts\/7150\/revisions"}],"predecessor-version":[{"id":7153,"href":"https:\/\/www.santaritadopassaquatro.sp.gov.br\/portal\/wp-json\/wp\/v2\/posts\/7150\/revisions\/7153"}],"wp:featuredmedia":[{"embeddable":true,"href":"https:\/\/www.santaritadopassaquatro.sp.gov.br\/portal\/wp-json\/wp\/v2\/media\/7151"}],"wp:attachment":[{"href":"https:\/\/www.santaritadopassaquatro.sp.gov.br\/portal\/wp-json\/wp\/v2\/media?parent=7150"}],"wp:term":[{"taxonomy":"category","embeddable":true,"href":"https:\/\/www.santaritadopassaquatro.sp.gov.br\/portal\/wp-json\/wp\/v2\/categories?post=7150"},{"taxonomy":"post_tag","embeddable":true,"href":"https:\/\/www.santaritadopassaquatro.sp.gov.br\/portal\/wp-json\/wp\/v2\/tags?post=7150"}],"curies":[{"name":"wp","href":"https:\/\/api.w.org\/{rel}","templated":true}]}}