{"id":7176,"date":"2022-01-24T15:14:33","date_gmt":"2022-01-24T18:14:33","guid":{"rendered":"http:\/\/www.santaritadopassaquatro.sp.gov.br\/portal\/?p=7176"},"modified":"2022-08-01T15:15:15","modified_gmt":"2022-08-01T18:15:15","slug":"novo-projeto-universo-do-lapis-studio-lazuli","status":"publish","type":"post","link":"https:\/\/www.santaritadopassaquatro.sp.gov.br\/portal\/novo-projeto-universo-do-lapis-studio-lazuli\/","title":{"rendered":"NOVO PROJETO: \u201cUNIVERSO DO L\u00c1PIS\u201d &#8211; &#8220;STUDIO LAZULI&#8221;"},"content":{"rendered":"<p>(Projeto Art\u00edstico-Cultural premiado pela Lei Aldir Blanc)<\/p>\n<p>A lei de emerg\u00eancia cultural al\u00e9m de trazer aux\u00edlio para os artistas locais, tamb\u00e9m contribuiu para a produ\u00e7\u00e3o de projetos nas mais variadas formas e \u00e1reas art\u00edsticas, fomentando o acesso da popula\u00e7\u00e3o \u00e0 cultura e a produ\u00e7\u00e3o da economia criativa local.<\/p>\n<p>DIA 05 DE FEVEREIRO: T\u00c9CNICA DE ESBO\u00c7O \u00c0 M\u00c3O LIVRE DE PERSONAGEM ANIME, 30 vagas para crian\u00e7as de 7 a 11 anos, duas op\u00e7\u00f5es de hor\u00e1rio das 09h \u00e0s 12h e 14h as 17h;<\/p>\n<p>DIA 12 DE FEVEREIRO: DESENHO DE OLHO HUMANO COM ACABAMENTO HIPER REALISTA COM GRAFITE, 30 vagas para interessados a partir de 12 anos, duas op\u00e7\u00f5es de hor\u00e1rios das 09h as 12h e 14h as 17h;<br \/>\nLOCAL DO CURSO: Studio Lazuli, Avenida Severino Meirelles, 1625, Centro.<br \/>\nCOMO SE INSCREVER: Presencialmente no Studio Lazuli, Avenida Severino Meirelles, 1625, Centro, em um dos dias e hor\u00e1rio abaixo :<br \/>\nSegunda feira: 18:00 at\u00e9 20:00<br \/>\nTer\u00e7a Feira 20:00 at\u00e9 22:00<br \/>\nQuarta feira 09:30 at\u00e9 11:30, 14:00 at\u00e9 16:00, 18:00 at\u00e9 20:00<br \/>\nQuinta feira 18:00 at\u00e9 as 20:00<br \/>\nSexta Feira 08:00 at\u00e9 10:00<\/p>\n","protected":false},"excerpt":{"rendered":"<p>(Projeto Art\u00edstico-Cultural premiado pela Lei Aldir Blanc) A lei de emerg\u00eancia cultural al\u00e9m de trazer aux\u00edlio para os artistas locais,<\/p>\n","protected":false},"author":1,"featured_media":7177,"comment_status":"closed","ping_status":"open","sticky":false,"template":"","format":"standard","meta":{"footnotes":""},"categories":[46],"tags":[],"class_list":["post-7176","post","type-post","status-publish","format-standard","has-post-thumbnail","hentry","category-cultura"],"_links":{"self":[{"href":"https:\/\/www.santaritadopassaquatro.sp.gov.br\/portal\/wp-json\/wp\/v2\/posts\/7176","targetHints":{"allow":["GET"]}}],"collection":[{"href":"https:\/\/www.santaritadopassaquatro.sp.gov.br\/portal\/wp-json\/wp\/v2\/posts"}],"about":[{"href":"https:\/\/www.santaritadopassaquatro.sp.gov.br\/portal\/wp-json\/wp\/v2\/types\/post"}],"author":[{"embeddable":true,"href":"https:\/\/www.santaritadopassaquatro.sp.gov.br\/portal\/wp-json\/wp\/v2\/users\/1"}],"replies":[{"embeddable":true,"href":"https:\/\/www.santaritadopassaquatro.sp.gov.br\/portal\/wp-json\/wp\/v2\/comments?post=7176"}],"version-history":[{"count":1,"href":"https:\/\/www.santaritadopassaquatro.sp.gov.br\/portal\/wp-json\/wp\/v2\/posts\/7176\/revisions"}],"predecessor-version":[{"id":7178,"href":"https:\/\/www.santaritadopassaquatro.sp.gov.br\/portal\/wp-json\/wp\/v2\/posts\/7176\/revisions\/7178"}],"wp:featuredmedia":[{"embeddable":true,"href":"https:\/\/www.santaritadopassaquatro.sp.gov.br\/portal\/wp-json\/wp\/v2\/media\/7177"}],"wp:attachment":[{"href":"https:\/\/www.santaritadopassaquatro.sp.gov.br\/portal\/wp-json\/wp\/v2\/media?parent=7176"}],"wp:term":[{"taxonomy":"category","embeddable":true,"href":"https:\/\/www.santaritadopassaquatro.sp.gov.br\/portal\/wp-json\/wp\/v2\/categories?post=7176"},{"taxonomy":"post_tag","embeddable":true,"href":"https:\/\/www.santaritadopassaquatro.sp.gov.br\/portal\/wp-json\/wp\/v2\/tags?post=7176"}],"curies":[{"name":"wp","href":"https:\/\/api.w.org\/{rel}","templated":true}]}}