{"id":7179,"date":"2022-01-21T15:15:36","date_gmt":"2022-01-21T18:15:36","guid":{"rendered":"http:\/\/www.santaritadopassaquatro.sp.gov.br\/portal\/?p=7179"},"modified":"2022-08-01T15:16:16","modified_gmt":"2022-08-01T18:16:16","slug":"casa-da-banda","status":"publish","type":"post","link":"https:\/\/www.santaritadopassaquatro.sp.gov.br\/portal\/casa-da-banda\/","title":{"rendered":"Casa da Banda"},"content":{"rendered":"<p>Matr\u00edculas abertas para aulas de m\u00fasica: Instrumentos de Sopro e Percuss\u00e3o.<br \/>\nNossos professores de m\u00fasica Lauriene Paiz e Marcel Villa convidam voc\u00eas \u00e0 se matricularem nas aulas de m\u00fasica que acontecem na Casa da Banda prof Octavio Bueno de Camargo.<br \/>\nS\u00e3o aulas pr\u00e1ticas e te\u00f3ricas de instrumentos de sopro e percuss\u00e3o gratuitos.<br \/>\nAs matr\u00edculas podem ser realizadas presencialmente nos seguintes hor\u00e1rios: de segunda a sexta das 8:00 as 11:00 e das 13:00 as 17:00 e aos s\u00e1bados das 10:00 as 12:00.<br \/>\nIdade: crian\u00e7as a partir de 08 anos at\u00e9 adultos sem limite de idade!!!!<br \/>\nA Casa da Banda fica situada na Pra\u00e7a Poeta M\u00e1rio Mattoso<br \/>\nPor meio do estudo destes instrumentos, acontece a forma\u00e7\u00e3o para os m\u00fasicos que poder\u00e3o vir a compor a Banda Musical Zequinha de Abreu no futuro, garantindo a continuidade deste rico legado musical da nossa querida Santa Rita do Passa Quatro.<\/p>\n","protected":false},"excerpt":{"rendered":"<p>Matr\u00edculas abertas para aulas de m\u00fasica: Instrumentos de Sopro e Percuss\u00e3o. Nossos professores de m\u00fasica Lauriene Paiz e Marcel Villa<\/p>\n","protected":false},"author":1,"featured_media":7180,"comment_status":"closed","ping_status":"open","sticky":false,"template":"","format":"standard","meta":{"footnotes":""},"categories":[46],"tags":[],"class_list":["post-7179","post","type-post","status-publish","format-standard","has-post-thumbnail","hentry","category-cultura"],"_links":{"self":[{"href":"https:\/\/www.santaritadopassaquatro.sp.gov.br\/portal\/wp-json\/wp\/v2\/posts\/7179","targetHints":{"allow":["GET"]}}],"collection":[{"href":"https:\/\/www.santaritadopassaquatro.sp.gov.br\/portal\/wp-json\/wp\/v2\/posts"}],"about":[{"href":"https:\/\/www.santaritadopassaquatro.sp.gov.br\/portal\/wp-json\/wp\/v2\/types\/post"}],"author":[{"embeddable":true,"href":"https:\/\/www.santaritadopassaquatro.sp.gov.br\/portal\/wp-json\/wp\/v2\/users\/1"}],"replies":[{"embeddable":true,"href":"https:\/\/www.santaritadopassaquatro.sp.gov.br\/portal\/wp-json\/wp\/v2\/comments?post=7179"}],"version-history":[{"count":1,"href":"https:\/\/www.santaritadopassaquatro.sp.gov.br\/portal\/wp-json\/wp\/v2\/posts\/7179\/revisions"}],"predecessor-version":[{"id":7181,"href":"https:\/\/www.santaritadopassaquatro.sp.gov.br\/portal\/wp-json\/wp\/v2\/posts\/7179\/revisions\/7181"}],"wp:featuredmedia":[{"embeddable":true,"href":"https:\/\/www.santaritadopassaquatro.sp.gov.br\/portal\/wp-json\/wp\/v2\/media\/7180"}],"wp:attachment":[{"href":"https:\/\/www.santaritadopassaquatro.sp.gov.br\/portal\/wp-json\/wp\/v2\/media?parent=7179"}],"wp:term":[{"taxonomy":"category","embeddable":true,"href":"https:\/\/www.santaritadopassaquatro.sp.gov.br\/portal\/wp-json\/wp\/v2\/categories?post=7179"},{"taxonomy":"post_tag","embeddable":true,"href":"https:\/\/www.santaritadopassaquatro.sp.gov.br\/portal\/wp-json\/wp\/v2\/tags?post=7179"}],"curies":[{"name":"wp","href":"https:\/\/api.w.org\/{rel}","templated":true}]}}