{"id":7185,"date":"2022-01-07T15:17:25","date_gmt":"2022-01-07T18:17:25","guid":{"rendered":"http:\/\/www.santaritadopassaquatro.sp.gov.br\/portal\/?p=7185"},"modified":"2022-08-01T15:18:32","modified_gmt":"2022-08-01T18:18:32","slug":"exposicao-de-fotografia","status":"publish","type":"post","link":"https:\/\/www.santaritadopassaquatro.sp.gov.br\/portal\/exposicao-de-fotografia\/","title":{"rendered":"EXPOSI\u00c7\u00c3O DE FOTOGRAFIA"},"content":{"rendered":"<p>por Samuel Fagundes Lorena<br \/>\n&#8220;A fotografia \u00e9 uma viagem a suas melhores recorda\u00e7\u00f5es&#8221;<br \/>\nVenham conferir a exposi\u00e7\u00e3o do fot\u00f3grafo Samuel Fagundes Lorena que ser\u00e1 realizada na Biblioteca Municipal dr. &#8220;Evandro Mesquita&#8221;, situada no Centro Cultural Governador M\u00e1rio Covas.<br \/>\nDia: 10\/01\/2022 a 10\/02\/2022<br \/>\nHor\u00e1rio: Segunda a sexta das 8:00 as 17:00<br \/>\nVamos prestigiar!!!!<\/p>\n","protected":false},"excerpt":{"rendered":"<p>por Samuel Fagundes Lorena &#8220;A fotografia \u00e9 uma viagem a suas melhores recorda\u00e7\u00f5es&#8221; Venham conferir a exposi\u00e7\u00e3o do fot\u00f3grafo Samuel<\/p>\n","protected":false},"author":1,"featured_media":7186,"comment_status":"closed","ping_status":"open","sticky":false,"template":"","format":"standard","meta":{"footnotes":""},"categories":[46],"tags":[],"class_list":["post-7185","post","type-post","status-publish","format-standard","has-post-thumbnail","hentry","category-cultura"],"_links":{"self":[{"href":"https:\/\/www.santaritadopassaquatro.sp.gov.br\/portal\/wp-json\/wp\/v2\/posts\/7185","targetHints":{"allow":["GET"]}}],"collection":[{"href":"https:\/\/www.santaritadopassaquatro.sp.gov.br\/portal\/wp-json\/wp\/v2\/posts"}],"about":[{"href":"https:\/\/www.santaritadopassaquatro.sp.gov.br\/portal\/wp-json\/wp\/v2\/types\/post"}],"author":[{"embeddable":true,"href":"https:\/\/www.santaritadopassaquatro.sp.gov.br\/portal\/wp-json\/wp\/v2\/users\/1"}],"replies":[{"embeddable":true,"href":"https:\/\/www.santaritadopassaquatro.sp.gov.br\/portal\/wp-json\/wp\/v2\/comments?post=7185"}],"version-history":[{"count":1,"href":"https:\/\/www.santaritadopassaquatro.sp.gov.br\/portal\/wp-json\/wp\/v2\/posts\/7185\/revisions"}],"predecessor-version":[{"id":7187,"href":"https:\/\/www.santaritadopassaquatro.sp.gov.br\/portal\/wp-json\/wp\/v2\/posts\/7185\/revisions\/7187"}],"wp:featuredmedia":[{"embeddable":true,"href":"https:\/\/www.santaritadopassaquatro.sp.gov.br\/portal\/wp-json\/wp\/v2\/media\/7186"}],"wp:attachment":[{"href":"https:\/\/www.santaritadopassaquatro.sp.gov.br\/portal\/wp-json\/wp\/v2\/media?parent=7185"}],"wp:term":[{"taxonomy":"category","embeddable":true,"href":"https:\/\/www.santaritadopassaquatro.sp.gov.br\/portal\/wp-json\/wp\/v2\/categories?post=7185"},{"taxonomy":"post_tag","embeddable":true,"href":"https:\/\/www.santaritadopassaquatro.sp.gov.br\/portal\/wp-json\/wp\/v2\/tags?post=7185"}],"curies":[{"name":"wp","href":"https:\/\/api.w.org\/{rel}","templated":true}]}}