{"id":7188,"date":"2022-01-05T15:18:35","date_gmt":"2022-01-05T18:18:35","guid":{"rendered":"http:\/\/www.santaritadopassaquatro.sp.gov.br\/portal\/?p=7188"},"modified":"2022-08-01T15:20:07","modified_gmt":"2022-08-01T18:20:07","slug":"cursos-de-teatro-gratuito-nas-ferias","status":"publish","type":"post","link":"https:\/\/www.santaritadopassaquatro.sp.gov.br\/portal\/cursos-de-teatro-gratuito-nas-ferias\/","title":{"rendered":"CURSOS DE TEATRO GRATUITO NAS F\u00c9RIAS"},"content":{"rendered":"<p>(Projetos contemplados pela Lei Aldir Blanc &#8211; Santa Rita do Passa Quatro\/SP)<br \/>\nA lei de emerg\u00eancia cultural al\u00e9m de trazer aux\u00edlio para os artistas locais, tamb\u00e9m contribuiu para a produ\u00e7\u00e3o de projetos nas mais variadas formas e \u00e1reas art\u00edsticas, fomentando o acesso da popula\u00e7\u00e3o \u00e0 cultura e a produ\u00e7\u00e3o da economia criativa local.<br \/>\nINSCRI\u00c7\u00d5ES AT\u00c9 12\/01\/2022<\/p>\n<p>O Primeiro encontro acontecer\u00e1 no dia 15\/01\/2022, respeitando todas as medidas sanit\u00e1rias em raz\u00e3o da pandemia.<br \/>\nPara a Turma de Jovens e Adultos, os inscritos devem estar com Ciclo Vacinal da COVID (1a e 2a dose, ou dose \u00fanica) completo!<br \/>\nAs informa\u00e7\u00f5es atualizadas tamb\u00e9m est\u00e3o no formul\u00e1rio de inscri\u00e7\u00e3o abaixo!<\/p>\n<p>\u2b50 FA\u00c7A J\u00c1 SUA INSCRI\u00c7\u00c3O \u2b50<br \/>\n\ud83c\udfad Turma de Jovens e Adultos (a partir de 14 anos)<br \/>\nhttps:\/\/forms.gle\/FDTVQRjVQCmE79st5<br \/>\n\ud83c\udfad Turma Kids (de 7 a 13 anos)<br \/>\nhttps:\/\/forms.gle\/F8aN7vCgWHYArQJd8<\/p>\n<p><img decoding=\"async\" class=\"aligncenter size-full wp-image-7192\" src=\"http:\/\/www.santaritadopassaquatro.sp.gov.br\/portal\/wp-content\/uploads\/2022\/08\/WhatsApp-Image-2022-07-26-at-09.25.35.jpeg\" alt=\"\" width=\"1080\" height=\"1080\" \/> <img decoding=\"async\" class=\"aligncenter size-full wp-image-7190\" src=\"http:\/\/www.santaritadopassaquatro.sp.gov.br\/portal\/wp-content\/uploads\/2022\/08\/WhatsApp-Image-2022-07-26-at-09.25.33.jpeg\" alt=\"\" width=\"1080\" height=\"1080\" \/> <img decoding=\"async\" class=\"aligncenter size-full wp-image-7191\" src=\"http:\/\/www.santaritadopassaquatro.sp.gov.br\/portal\/wp-content\/uploads\/2022\/08\/WhatsApp-Image-2022-07-26-at-09.25.34.jpeg\" alt=\"\" width=\"1080\" height=\"1080\" \/> <img decoding=\"async\" class=\"aligncenter size-full wp-image-7189\" src=\"http:\/\/www.santaritadopassaquatro.sp.gov.br\/portal\/wp-content\/uploads\/2022\/08\/WhatsApp-Image-2022-07-26-at-09.25.32.jpeg\" alt=\"\" width=\"1080\" height=\"1080\" \/><\/p>\n","protected":false},"excerpt":{"rendered":"<p>(Projetos contemplados pela Lei Aldir Blanc &#8211; Santa Rita do Passa Quatro\/SP) A lei de emerg\u00eancia cultural al\u00e9m de trazer<\/p>\n","protected":false},"author":1,"featured_media":7192,"comment_status":"closed","ping_status":"open","sticky":false,"template":"","format":"standard","meta":{"footnotes":""},"categories":[46],"tags":[],"class_list":["post-7188","post","type-post","status-publish","format-standard","has-post-thumbnail","hentry","category-cultura"],"_links":{"self":[{"href":"https:\/\/www.santaritadopassaquatro.sp.gov.br\/portal\/wp-json\/wp\/v2\/posts\/7188","targetHints":{"allow":["GET"]}}],"collection":[{"href":"https:\/\/www.santaritadopassaquatro.sp.gov.br\/portal\/wp-json\/wp\/v2\/posts"}],"about":[{"href":"https:\/\/www.santaritadopassaquatro.sp.gov.br\/portal\/wp-json\/wp\/v2\/types\/post"}],"author":[{"embeddable":true,"href":"https:\/\/www.santaritadopassaquatro.sp.gov.br\/portal\/wp-json\/wp\/v2\/users\/1"}],"replies":[{"embeddable":true,"href":"https:\/\/www.santaritadopassaquatro.sp.gov.br\/portal\/wp-json\/wp\/v2\/comments?post=7188"}],"version-history":[{"count":2,"href":"https:\/\/www.santaritadopassaquatro.sp.gov.br\/portal\/wp-json\/wp\/v2\/posts\/7188\/revisions"}],"predecessor-version":[{"id":7194,"href":"https:\/\/www.santaritadopassaquatro.sp.gov.br\/portal\/wp-json\/wp\/v2\/posts\/7188\/revisions\/7194"}],"wp:featuredmedia":[{"embeddable":true,"href":"https:\/\/www.santaritadopassaquatro.sp.gov.br\/portal\/wp-json\/wp\/v2\/media\/7192"}],"wp:attachment":[{"href":"https:\/\/www.santaritadopassaquatro.sp.gov.br\/portal\/wp-json\/wp\/v2\/media?parent=7188"}],"wp:term":[{"taxonomy":"category","embeddable":true,"href":"https:\/\/www.santaritadopassaquatro.sp.gov.br\/portal\/wp-json\/wp\/v2\/categories?post=7188"},{"taxonomy":"post_tag","embeddable":true,"href":"https:\/\/www.santaritadopassaquatro.sp.gov.br\/portal\/wp-json\/wp\/v2\/tags?post=7188"}],"curies":[{"name":"wp","href":"https:\/\/api.w.org\/{rel}","templated":true}]}}