{"id":7204,"date":"2022-01-29T15:23:16","date_gmt":"2022-01-29T18:23:16","guid":{"rendered":"http:\/\/www.santaritadopassaquatro.sp.gov.br\/portal\/?p=7204"},"modified":"2022-08-01T15:24:08","modified_gmt":"2022-08-01T18:24:08","slug":"educacao-em-acao","status":"publish","type":"post","link":"https:\/\/www.santaritadopassaquatro.sp.gov.br\/portal\/educacao-em-acao\/","title":{"rendered":"Educa\u00e7\u00e3o em a\u00e7\u00e3o"},"content":{"rendered":"<p>Nos dias 27, 28 e 29 de janeiro, os professores da Rede Municipal de Educa\u00e7\u00e3o estiveram em planejamento para o ano letivo de 2021. Momento de reflex\u00e3o, estudo, gratid\u00e3o e muita disposi\u00e7\u00e3o para reinventar, em tempo de pandemia, uma nova e eficaz forma de ensinar e aprender.<\/p>\n<p><img decoding=\"async\" class=\"aligncenter size-full wp-image-7205\" src=\"http:\/\/www.santaritadopassaquatro.sp.gov.br\/portal\/wp-content\/uploads\/2022\/08\/8bb22b30-987b-4c1b-96b0-8d5a54cc1656.jpg\" alt=\"\" width=\"1040\" height=\"780\" \/> <img decoding=\"async\" class=\"aligncenter size-large wp-image-7206\" src=\"http:\/\/www.santaritadopassaquatro.sp.gov.br\/portal\/wp-content\/uploads\/2022\/08\/ae9306ef-66c2-4408-ae2d-9d6dded9c0d9.jpg\" alt=\"\" width=\"800\" height=\"599\" \/><\/p>\n","protected":false},"excerpt":{"rendered":"<p>Nos dias 27, 28 e 29 de janeiro, os professores da Rede Municipal de Educa\u00e7\u00e3o estiveram em planejamento para o<\/p>\n","protected":false},"author":1,"featured_media":7205,"comment_status":"closed","ping_status":"open","sticky":false,"template":"","format":"standard","meta":{"footnotes":""},"categories":[28],"tags":[],"class_list":["post-7204","post","type-post","status-publish","format-standard","has-post-thumbnail","hentry","category-educacao"],"_links":{"self":[{"href":"https:\/\/www.santaritadopassaquatro.sp.gov.br\/portal\/wp-json\/wp\/v2\/posts\/7204","targetHints":{"allow":["GET"]}}],"collection":[{"href":"https:\/\/www.santaritadopassaquatro.sp.gov.br\/portal\/wp-json\/wp\/v2\/posts"}],"about":[{"href":"https:\/\/www.santaritadopassaquatro.sp.gov.br\/portal\/wp-json\/wp\/v2\/types\/post"}],"author":[{"embeddable":true,"href":"https:\/\/www.santaritadopassaquatro.sp.gov.br\/portal\/wp-json\/wp\/v2\/users\/1"}],"replies":[{"embeddable":true,"href":"https:\/\/www.santaritadopassaquatro.sp.gov.br\/portal\/wp-json\/wp\/v2\/comments?post=7204"}],"version-history":[{"count":1,"href":"https:\/\/www.santaritadopassaquatro.sp.gov.br\/portal\/wp-json\/wp\/v2\/posts\/7204\/revisions"}],"predecessor-version":[{"id":7207,"href":"https:\/\/www.santaritadopassaquatro.sp.gov.br\/portal\/wp-json\/wp\/v2\/posts\/7204\/revisions\/7207"}],"wp:featuredmedia":[{"embeddable":true,"href":"https:\/\/www.santaritadopassaquatro.sp.gov.br\/portal\/wp-json\/wp\/v2\/media\/7205"}],"wp:attachment":[{"href":"https:\/\/www.santaritadopassaquatro.sp.gov.br\/portal\/wp-json\/wp\/v2\/media?parent=7204"}],"wp:term":[{"taxonomy":"category","embeddable":true,"href":"https:\/\/www.santaritadopassaquatro.sp.gov.br\/portal\/wp-json\/wp\/v2\/categories?post=7204"},{"taxonomy":"post_tag","embeddable":true,"href":"https:\/\/www.santaritadopassaquatro.sp.gov.br\/portal\/wp-json\/wp\/v2\/tags?post=7204"}],"curies":[{"name":"wp","href":"https:\/\/api.w.org\/{rel}","templated":true}]}}