{"id":7216,"date":"2022-01-27T15:27:12","date_gmt":"2022-01-27T18:27:12","guid":{"rendered":"http:\/\/www.santaritadopassaquatro.sp.gov.br\/portal\/?p=7216"},"modified":"2022-08-01T15:27:50","modified_gmt":"2022-08-01T18:27:50","slug":"nao-perca-o-prazo","status":"publish","type":"post","link":"https:\/\/www.santaritadopassaquatro.sp.gov.br\/portal\/nao-perca-o-prazo\/","title":{"rendered":"N\u00e3o perca o Prazo!!!"},"content":{"rendered":"<p>Voc\u00ea que ainda n\u00e3o se cadastrou, n\u00e3o fique de fora deste mapeamento para que possamos dar andamento ao planejamento das a\u00e7\u00f5es culturais 2021 do nosso munic\u00edpio.<br \/>\nO Cadastro Municipal de Cultura vai at\u00e9 o dia 31 de janeiro. Caso voc\u00ea conhe\u00e7a algum artista que n\u00e3o possua redes sociais, nos informe para que possamos chegar at\u00e9 ele.<br \/>\nACESSE OS LINKS:<br \/>\nArtistas:<br \/>\nhttps:\/\/forms.gle\/LNaiZjJh9obcsTUz7<br \/>\nGrupo, CIA, Coletivo ou N\u00facleo Cultural):<br \/>\nhttps:\/\/forms.gle\/cKEvfDnqKjMhQr1Q9<br \/>\nEspa\u00e7os Culturais:<br \/>\nhttps:\/\/forms.gle\/5kLyYXstwi7DPVsQA<br \/>\nMas n\u00e3o se preocupe, estaremos sempre reabrindo o Cadastramento para que novos artistas, grupos e outros espa\u00e7os se unam a n\u00f3s!<br \/>\nA inscri\u00e7\u00e3o \u00e9 gratuita!<\/p>\n","protected":false},"excerpt":{"rendered":"<p>Voc\u00ea que ainda n\u00e3o se cadastrou, n\u00e3o fique de fora deste mapeamento para que possamos dar andamento ao planejamento das<\/p>\n","protected":false},"author":1,"featured_media":7217,"comment_status":"closed","ping_status":"open","sticky":false,"template":"","format":"standard","meta":{"footnotes":""},"categories":[46],"tags":[],"class_list":["post-7216","post","type-post","status-publish","format-standard","has-post-thumbnail","hentry","category-cultura"],"_links":{"self":[{"href":"https:\/\/www.santaritadopassaquatro.sp.gov.br\/portal\/wp-json\/wp\/v2\/posts\/7216","targetHints":{"allow":["GET"]}}],"collection":[{"href":"https:\/\/www.santaritadopassaquatro.sp.gov.br\/portal\/wp-json\/wp\/v2\/posts"}],"about":[{"href":"https:\/\/www.santaritadopassaquatro.sp.gov.br\/portal\/wp-json\/wp\/v2\/types\/post"}],"author":[{"embeddable":true,"href":"https:\/\/www.santaritadopassaquatro.sp.gov.br\/portal\/wp-json\/wp\/v2\/users\/1"}],"replies":[{"embeddable":true,"href":"https:\/\/www.santaritadopassaquatro.sp.gov.br\/portal\/wp-json\/wp\/v2\/comments?post=7216"}],"version-history":[{"count":2,"href":"https:\/\/www.santaritadopassaquatro.sp.gov.br\/portal\/wp-json\/wp\/v2\/posts\/7216\/revisions"}],"predecessor-version":[{"id":7219,"href":"https:\/\/www.santaritadopassaquatro.sp.gov.br\/portal\/wp-json\/wp\/v2\/posts\/7216\/revisions\/7219"}],"wp:featuredmedia":[{"embeddable":true,"href":"https:\/\/www.santaritadopassaquatro.sp.gov.br\/portal\/wp-json\/wp\/v2\/media\/7217"}],"wp:attachment":[{"href":"https:\/\/www.santaritadopassaquatro.sp.gov.br\/portal\/wp-json\/wp\/v2\/media?parent=7216"}],"wp:term":[{"taxonomy":"category","embeddable":true,"href":"https:\/\/www.santaritadopassaquatro.sp.gov.br\/portal\/wp-json\/wp\/v2\/categories?post=7216"},{"taxonomy":"post_tag","embeddable":true,"href":"https:\/\/www.santaritadopassaquatro.sp.gov.br\/portal\/wp-json\/wp\/v2\/tags?post=7216"}],"curies":[{"name":"wp","href":"https:\/\/api.w.org\/{rel}","templated":true}]}}