{"id":7246,"date":"2022-07-19T15:36:47","date_gmt":"2022-07-19T18:36:47","guid":{"rendered":"http:\/\/www.santaritadopassaquatro.sp.gov.br\/portal\/?p=7246"},"modified":"2022-08-01T15:37:34","modified_gmt":"2022-08-01T18:37:34","slug":"prefeito-se-reune-com-consultor-do-consorcio-empreendedor-roni-astorfo","status":"publish","type":"post","link":"https:\/\/www.santaritadopassaquatro.sp.gov.br\/portal\/prefeito-se-reune-com-consultor-do-consorcio-empreendedor-roni-astorfo\/","title":{"rendered":"PREFEITO SE RE\u00daNE COM CONSULTOR DO CONS\u00d3RCIO EMPREENDEDOR RONI ASTORFO"},"content":{"rendered":"<p>O Prefeito Marcelo Sim\u00e3o, o diretor administrativo Luciano D&#8217;\u00e1vila Pereira e Maura Arioli &#8211; Coordenara do Sebrae, se reuniram com o ex-prefeito de Tamba\u00fa e Consultor do Cons\u00f3rcio Empreendedor Roni Donizeti Astorfo<br \/>\nNa reuni\u00e3o, foi debatido estrat\u00e9gias para a amplia\u00e7\u00e3o do Programa Sala do Empreendedor, local de atendimento da Prefeitura que facilita o processo de abertura de empresas, regulariza\u00e7\u00e3o e baixa; bem como servi\u00e7os exclusivos aos Microempreendedores Individuais (MEI).<br \/>\nPara voc\u00ea que queira empreender, conhe\u00e7a a nossa Sala do Empreendedor, na Avenida Severino Meirelles, 1230 &#8211; Centro.<\/p>\n","protected":false},"excerpt":{"rendered":"<p>O Prefeito Marcelo Sim\u00e3o, o diretor administrativo Luciano D&#8217;\u00e1vila Pereira e Maura Arioli &#8211; Coordenara do Sebrae, se reuniram com<\/p>\n","protected":false},"author":1,"featured_media":7247,"comment_status":"closed","ping_status":"open","sticky":false,"template":"","format":"standard","meta":{"footnotes":""},"categories":[47],"tags":[],"class_list":["post-7246","post","type-post","status-publish","format-standard","has-post-thumbnail","hentry","category-desenvovimento"],"_links":{"self":[{"href":"https:\/\/www.santaritadopassaquatro.sp.gov.br\/portal\/wp-json\/wp\/v2\/posts\/7246","targetHints":{"allow":["GET"]}}],"collection":[{"href":"https:\/\/www.santaritadopassaquatro.sp.gov.br\/portal\/wp-json\/wp\/v2\/posts"}],"about":[{"href":"https:\/\/www.santaritadopassaquatro.sp.gov.br\/portal\/wp-json\/wp\/v2\/types\/post"}],"author":[{"embeddable":true,"href":"https:\/\/www.santaritadopassaquatro.sp.gov.br\/portal\/wp-json\/wp\/v2\/users\/1"}],"replies":[{"embeddable":true,"href":"https:\/\/www.santaritadopassaquatro.sp.gov.br\/portal\/wp-json\/wp\/v2\/comments?post=7246"}],"version-history":[{"count":1,"href":"https:\/\/www.santaritadopassaquatro.sp.gov.br\/portal\/wp-json\/wp\/v2\/posts\/7246\/revisions"}],"predecessor-version":[{"id":7248,"href":"https:\/\/www.santaritadopassaquatro.sp.gov.br\/portal\/wp-json\/wp\/v2\/posts\/7246\/revisions\/7248"}],"wp:featuredmedia":[{"embeddable":true,"href":"https:\/\/www.santaritadopassaquatro.sp.gov.br\/portal\/wp-json\/wp\/v2\/media\/7247"}],"wp:attachment":[{"href":"https:\/\/www.santaritadopassaquatro.sp.gov.br\/portal\/wp-json\/wp\/v2\/media?parent=7246"}],"wp:term":[{"taxonomy":"category","embeddable":true,"href":"https:\/\/www.santaritadopassaquatro.sp.gov.br\/portal\/wp-json\/wp\/v2\/categories?post=7246"},{"taxonomy":"post_tag","embeddable":true,"href":"https:\/\/www.santaritadopassaquatro.sp.gov.br\/portal\/wp-json\/wp\/v2\/tags?post=7246"}],"curies":[{"name":"wp","href":"https:\/\/api.w.org\/{rel}","templated":true}]}}