{"id":7249,"date":"2022-07-13T15:37:55","date_gmt":"2022-07-13T18:37:55","guid":{"rendered":"http:\/\/www.santaritadopassaquatro.sp.gov.br\/portal\/?p=7249"},"modified":"2022-08-01T15:38:53","modified_gmt":"2022-08-01T18:38:53","slug":"melhores-momentos-do-30-festival-de-tradicoes-italianas","status":"publish","type":"post","link":"https:\/\/www.santaritadopassaquatro.sp.gov.br\/portal\/melhores-momentos-do-30-festival-de-tradicoes-italianas\/","title":{"rendered":"MELHORES MOMENTOS DO 30\u00b0 FESTIVAL DE TRADI\u00c7\u00d5ES ITALIANAS"},"content":{"rendered":"<p>A Prefeitura Municipal de Santa Rita do Passa Quatro, atrav\u00e9s da gest\u00e3o do Prefeito Marcelo Sim\u00e3o e Professor M\u00e1rcio Reis, realizou o 30\u00b0 Festival de Tradi\u00e7\u00f5es Italianas, que reuniu cerca de 5 mil pessoas por dia no evento para desfrutar dessa festa maravilhosa.<br \/>\nForam 3 dias de shows na Pra\u00e7a Poeta M\u00e1rio Mattoso \u2013 Esta\u00e7\u00e3o, com muita m\u00fasica, dan\u00e7a e pratos t\u00edpicos, servidos pelas entidades ABEVEC, Fundo Social de Solidariedade, Projeto Maria, S\u00e3o Jos\u00e9 Oper\u00e1rio, Asilo S\u00e3o Vicente de Paulo, Instituto Social Caburlotto e Projeto Jequitib\u00e1.<br \/>\nTivemos a Banda Zequinha de Abreu abrindo o Festival junto com o Coral Prof. Oct\u00e1vio Bueno de Camargo, Tony Angelli, Ivano Italian\u00edssimo, Renato Gabbiani, Banda Via Roma, Ricardo Bombarda, Banda Felice It\u00e1lia, Bella e os Tenores animando o p\u00fablico, al\u00e9m do grupo Quimera Cultural com interven\u00e7\u00f5es art\u00edsticas.<br \/>\nAp\u00f3s dois anos sem o nosso Festival de forma presencial, o 30\u00b0 Festival de Tradi\u00e7\u00f5es Italianas foi um sucesso.<br \/>\nUma realiza\u00e7\u00e3o da Prefeitura Municipal de Santa Rita do Passa Quatro atrav\u00e9s do departamento de Cultura e Turismo.<\/p>\n<p><a href=\"https:\/\/fb.watch\/evPKwZU-zJ\/\">https:\/\/fb.watch\/evPKwZU-zJ\/<\/a><\/p>\n","protected":false},"excerpt":{"rendered":"<p>A Prefeitura Municipal de Santa Rita do Passa Quatro, atrav\u00e9s da gest\u00e3o do Prefeito Marcelo Sim\u00e3o e Professor M\u00e1rcio Reis,<\/p>\n","protected":false},"author":1,"featured_media":0,"comment_status":"closed","ping_status":"open","sticky":false,"template":"","format":"standard","meta":{"footnotes":""},"categories":[46,60],"tags":[],"class_list":["post-7249","post","type-post","status-publish","format-standard","hentry","category-cultura","category-turismo"],"_links":{"self":[{"href":"https:\/\/www.santaritadopassaquatro.sp.gov.br\/portal\/wp-json\/wp\/v2\/posts\/7249","targetHints":{"allow":["GET"]}}],"collection":[{"href":"https:\/\/www.santaritadopassaquatro.sp.gov.br\/portal\/wp-json\/wp\/v2\/posts"}],"about":[{"href":"https:\/\/www.santaritadopassaquatro.sp.gov.br\/portal\/wp-json\/wp\/v2\/types\/post"}],"author":[{"embeddable":true,"href":"https:\/\/www.santaritadopassaquatro.sp.gov.br\/portal\/wp-json\/wp\/v2\/users\/1"}],"replies":[{"embeddable":true,"href":"https:\/\/www.santaritadopassaquatro.sp.gov.br\/portal\/wp-json\/wp\/v2\/comments?post=7249"}],"version-history":[{"count":1,"href":"https:\/\/www.santaritadopassaquatro.sp.gov.br\/portal\/wp-json\/wp\/v2\/posts\/7249\/revisions"}],"predecessor-version":[{"id":7250,"href":"https:\/\/www.santaritadopassaquatro.sp.gov.br\/portal\/wp-json\/wp\/v2\/posts\/7249\/revisions\/7250"}],"wp:attachment":[{"href":"https:\/\/www.santaritadopassaquatro.sp.gov.br\/portal\/wp-json\/wp\/v2\/media?parent=7249"}],"wp:term":[{"taxonomy":"category","embeddable":true,"href":"https:\/\/www.santaritadopassaquatro.sp.gov.br\/portal\/wp-json\/wp\/v2\/categories?post=7249"},{"taxonomy":"post_tag","embeddable":true,"href":"https:\/\/www.santaritadopassaquatro.sp.gov.br\/portal\/wp-json\/wp\/v2\/tags?post=7249"}],"curies":[{"name":"wp","href":"https:\/\/api.w.org\/{rel}","templated":true}]}}