{"id":7258,"date":"2022-07-07T15:41:38","date_gmt":"2022-07-07T18:41:38","guid":{"rendered":"http:\/\/www.santaritadopassaquatro.sp.gov.br\/portal\/?p=7258"},"modified":"2022-08-01T15:42:28","modified_gmt":"2022-08-01T18:42:28","slug":"prefeito-participa-de-festa-junina-na-escola-madre-carmelita","status":"publish","type":"post","link":"https:\/\/www.santaritadopassaquatro.sp.gov.br\/portal\/prefeito-participa-de-festa-junina-na-escola-madre-carmelita\/","title":{"rendered":"PREFEITO PARTICIPA DE FESTA JUNINA NA ESCOLA MADRE CARMELITA"},"content":{"rendered":"<p>Nesta quinta-feira (07), o Prefeito Marcelo Sim\u00e3o participou da festa junina que ocorreu na Escola Madre Carmelita. Em uma manh\u00e3 muito animada para as crian\u00e7as da Rede Municipal de Ensino, houve muitas guloseimas, dan\u00e7a e trajes t\u00edpicos.<br \/>\nUma manh\u00e3 de descontra\u00e7\u00e3o de todas as crian\u00e7as e do prefeito que fez quest\u00e3o de participar da brincadeira e tirar fotos com as caipirinhas Marina, Bia e Maisa e com a fam\u00edlia Pastori: Jo\u00e3o Victor, Marcelo, La\u00eds e Maria Aparecida.<br \/>\nAtrav\u00e9s da Gestora Fernanda Zuzi, da vice \u00c2ngela Bersanetti e da Coordenadora C\u00e1ssia Pigato, parabenizamos a todas as funcion\u00e1rias da escola por proporcionarem momentos de carinho e alegria \u00e0s crian\u00e7as.<\/p>\n<p><img decoding=\"async\" class=\"aligncenter size-full wp-image-7259\" src=\"http:\/\/www.santaritadopassaquatro.sp.gov.br\/portal\/wp-content\/uploads\/2022\/08\/7784c130-a066-41a1-845a-5d58b571755c.jpg\" alt=\"\" width=\"480\" height=\"600\" \/> <img decoding=\"async\" class=\"aligncenter size-large wp-image-7260\" src=\"http:\/\/www.santaritadopassaquatro.sp.gov.br\/portal\/wp-content\/uploads\/2022\/08\/c44931fc-72a7-4e0f-ba72-89205d31606e.jpg\" alt=\"\" width=\"600\" height=\"338\" \/> <img decoding=\"async\" class=\"aligncenter size-large wp-image-7261\" src=\"http:\/\/www.santaritadopassaquatro.sp.gov.br\/portal\/wp-content\/uploads\/2022\/08\/fe9775ac-5d1c-45b0-b97d-9aaa62f5e5dd.jpg\" alt=\"\" width=\"480\" height=\"600\" \/><\/p>\n","protected":false},"excerpt":{"rendered":"<p>Nesta quinta-feira (07), o Prefeito Marcelo Sim\u00e3o participou da festa junina que ocorreu na Escola Madre Carmelita. Em uma manh\u00e3<\/p>\n","protected":false},"author":1,"featured_media":7261,"comment_status":"closed","ping_status":"open","sticky":false,"template":"","format":"standard","meta":{"footnotes":""},"categories":[46],"tags":[],"class_list":["post-7258","post","type-post","status-publish","format-standard","has-post-thumbnail","hentry","category-cultura"],"_links":{"self":[{"href":"https:\/\/www.santaritadopassaquatro.sp.gov.br\/portal\/wp-json\/wp\/v2\/posts\/7258","targetHints":{"allow":["GET"]}}],"collection":[{"href":"https:\/\/www.santaritadopassaquatro.sp.gov.br\/portal\/wp-json\/wp\/v2\/posts"}],"about":[{"href":"https:\/\/www.santaritadopassaquatro.sp.gov.br\/portal\/wp-json\/wp\/v2\/types\/post"}],"author":[{"embeddable":true,"href":"https:\/\/www.santaritadopassaquatro.sp.gov.br\/portal\/wp-json\/wp\/v2\/users\/1"}],"replies":[{"embeddable":true,"href":"https:\/\/www.santaritadopassaquatro.sp.gov.br\/portal\/wp-json\/wp\/v2\/comments?post=7258"}],"version-history":[{"count":1,"href":"https:\/\/www.santaritadopassaquatro.sp.gov.br\/portal\/wp-json\/wp\/v2\/posts\/7258\/revisions"}],"predecessor-version":[{"id":7262,"href":"https:\/\/www.santaritadopassaquatro.sp.gov.br\/portal\/wp-json\/wp\/v2\/posts\/7258\/revisions\/7262"}],"wp:featuredmedia":[{"embeddable":true,"href":"https:\/\/www.santaritadopassaquatro.sp.gov.br\/portal\/wp-json\/wp\/v2\/media\/7261"}],"wp:attachment":[{"href":"https:\/\/www.santaritadopassaquatro.sp.gov.br\/portal\/wp-json\/wp\/v2\/media?parent=7258"}],"wp:term":[{"taxonomy":"category","embeddable":true,"href":"https:\/\/www.santaritadopassaquatro.sp.gov.br\/portal\/wp-json\/wp\/v2\/categories?post=7258"},{"taxonomy":"post_tag","embeddable":true,"href":"https:\/\/www.santaritadopassaquatro.sp.gov.br\/portal\/wp-json\/wp\/v2\/tags?post=7258"}],"curies":[{"name":"wp","href":"https:\/\/api.w.org\/{rel}","templated":true}]}}