{"id":7263,"date":"2022-08-01T15:53:28","date_gmt":"2022-08-01T18:53:28","guid":{"rendered":"http:\/\/www.santaritadopassaquatro.sp.gov.br\/portal\/?p=7263"},"modified":"2022-08-01T15:53:28","modified_gmt":"2022-08-01T18:53:28","slug":"edital-de-atribuicao2022","status":"publish","type":"post","link":"https:\/\/www.santaritadopassaquatro.sp.gov.br\/portal\/edital-de-atribuicao2022\/","title":{"rendered":"EDITAL DE ATRIBUI\u00c7\u00c3O\/2022"},"content":{"rendered":"<ul>\n<li><a href=\"http:\/\/www.santaritadopassaquatro.sp.gov.br\/portal\/wp-content\/uploads\/2022\/08\/CRONOGRAMA-ATRIBUI\u00c7\u00c3O-AULAS-2022-03-08.pdf\" target=\"_blank\" rel=\"noopener\">CRONOGRAMA ATRIBUI\u00c7\u00c3O AULAS 2022 &#8211; 03-08<\/a><\/li>\n<li><a href=\"http:\/\/www.santaritadopassaquatro.sp.gov.br\/portal\/wp-content\/uploads\/2022\/08\/EMEF-MADRE-CARMELITA-03-08.pdf\" target=\"_blank\" rel=\"noopener\">EMEF MADRE CARMELITA &#8211; 03-08<\/a><\/li>\n<li><a href=\"http:\/\/www.santaritadopassaquatro.sp.gov.br\/portal\/wp-content\/uploads\/2022\/08\/EMEF-PROF.-JO\u00c3O-BAPTISTA-DA-R.-CORR\u00caA-PEBI.pdf\" target=\"_blank\" rel=\"noopener\">EMEF PROF. JO\u00c3O BAPTISTA DA R. CORR\u00caA &#8211; PEBI<\/a><\/li>\n<\/ul>\n","protected":false},"excerpt":{"rendered":"<p>CRONOGRAMA ATRIBUI\u00c7\u00c3O AULAS 2022 &#8211; 03-08 EMEF MADRE CARMELITA &#8211; 03-08 EMEF PROF. JO\u00c3O BAPTISTA DA R. CORR\u00caA &#8211; PEBI<\/p>\n","protected":false},"author":1,"featured_media":0,"comment_status":"closed","ping_status":"open","sticky":false,"template":"","format":"standard","meta":{"footnotes":""},"categories":[33],"tags":[],"class_list":["post-7263","post","type-post","status-publish","format-standard","hentry","category-atribuicao-de-aulas"],"_links":{"self":[{"href":"https:\/\/www.santaritadopassaquatro.sp.gov.br\/portal\/wp-json\/wp\/v2\/posts\/7263","targetHints":{"allow":["GET"]}}],"collection":[{"href":"https:\/\/www.santaritadopassaquatro.sp.gov.br\/portal\/wp-json\/wp\/v2\/posts"}],"about":[{"href":"https:\/\/www.santaritadopassaquatro.sp.gov.br\/portal\/wp-json\/wp\/v2\/types\/post"}],"author":[{"embeddable":true,"href":"https:\/\/www.santaritadopassaquatro.sp.gov.br\/portal\/wp-json\/wp\/v2\/users\/1"}],"replies":[{"embeddable":true,"href":"https:\/\/www.santaritadopassaquatro.sp.gov.br\/portal\/wp-json\/wp\/v2\/comments?post=7263"}],"version-history":[{"count":1,"href":"https:\/\/www.santaritadopassaquatro.sp.gov.br\/portal\/wp-json\/wp\/v2\/posts\/7263\/revisions"}],"predecessor-version":[{"id":7267,"href":"https:\/\/www.santaritadopassaquatro.sp.gov.br\/portal\/wp-json\/wp\/v2\/posts\/7263\/revisions\/7267"}],"wp:attachment":[{"href":"https:\/\/www.santaritadopassaquatro.sp.gov.br\/portal\/wp-json\/wp\/v2\/media?parent=7263"}],"wp:term":[{"taxonomy":"category","embeddable":true,"href":"https:\/\/www.santaritadopassaquatro.sp.gov.br\/portal\/wp-json\/wp\/v2\/categories?post=7263"},{"taxonomy":"post_tag","embeddable":true,"href":"https:\/\/www.santaritadopassaquatro.sp.gov.br\/portal\/wp-json\/wp\/v2\/tags?post=7263"}],"curies":[{"name":"wp","href":"https:\/\/api.w.org\/{rel}","templated":true}]}}