{"id":7272,"date":"2022-08-03T15:34:04","date_gmt":"2022-08-03T18:34:04","guid":{"rendered":"http:\/\/www.santaritadopassaquatro.sp.gov.br\/portal\/?p=7272"},"modified":"2022-08-04T15:35:17","modified_gmt":"2022-08-04T18:35:17","slug":"neste-sabado-0608-das-09h-as-13h-acontece-o-workshop-de-capoeira-cultura-afro-e-ancestralidade","status":"publish","type":"post","link":"https:\/\/www.santaritadopassaquatro.sp.gov.br\/portal\/neste-sabado-0608-das-09h-as-13h-acontece-o-workshop-de-capoeira-cultura-afro-e-ancestralidade\/","title":{"rendered":"Neste s\u00e1bado (06\/08) das 09h \u00e0s 13h acontece o Workshop de Capoeira &#8211; \u201cCultura Afro e Ancestralidade\u201d"},"content":{"rendered":"<p>Uma manh\u00e3 repleta de atividades e viv\u00eancias sobre a Capoeira! A A\u00e7\u00e3o \u00e9 aberta para todas as idades e as pr\u00e1ticas de Capoeira a partir dos 4 anos.<\/p>\n<p>A inscri\u00e7\u00e3o pode ser feita na hora ou previamente pelo link<a href=\"https:\/\/abre.ai\/capoeirasrpq\"> https:\/\/abre.ai\/capoeirasrpq<\/a> &#8211; A inscri\u00e7\u00e3o pr\u00e9via ajuda muito a organiza\u00e7\u00e3o das atividades \ud83d\ude09<\/p>\n<p>Local: Centro Ol\u00edmpico<\/p>\n<p>Obs: Levem seus filhos e fam\u00edlia!<\/p>\n<p>Nos vemos l\u00e1!<\/p>\n<p>Maiores informa\u00e7\u00f5es pelo telefone: 3584-7018<\/p>\n","protected":false},"excerpt":{"rendered":"<p>Uma manh\u00e3 repleta de atividades e viv\u00eancias sobre a Capoeira! A A\u00e7\u00e3o \u00e9 aberta para todas as idades e as<\/p>\n","protected":false},"author":1,"featured_media":7273,"comment_status":"closed","ping_status":"open","sticky":false,"template":"","format":"standard","meta":{"footnotes":""},"categories":[46],"tags":[],"class_list":["post-7272","post","type-post","status-publish","format-standard","has-post-thumbnail","hentry","category-cultura"],"_links":{"self":[{"href":"https:\/\/www.santaritadopassaquatro.sp.gov.br\/portal\/wp-json\/wp\/v2\/posts\/7272","targetHints":{"allow":["GET"]}}],"collection":[{"href":"https:\/\/www.santaritadopassaquatro.sp.gov.br\/portal\/wp-json\/wp\/v2\/posts"}],"about":[{"href":"https:\/\/www.santaritadopassaquatro.sp.gov.br\/portal\/wp-json\/wp\/v2\/types\/post"}],"author":[{"embeddable":true,"href":"https:\/\/www.santaritadopassaquatro.sp.gov.br\/portal\/wp-json\/wp\/v2\/users\/1"}],"replies":[{"embeddable":true,"href":"https:\/\/www.santaritadopassaquatro.sp.gov.br\/portal\/wp-json\/wp\/v2\/comments?post=7272"}],"version-history":[{"count":1,"href":"https:\/\/www.santaritadopassaquatro.sp.gov.br\/portal\/wp-json\/wp\/v2\/posts\/7272\/revisions"}],"predecessor-version":[{"id":7274,"href":"https:\/\/www.santaritadopassaquatro.sp.gov.br\/portal\/wp-json\/wp\/v2\/posts\/7272\/revisions\/7274"}],"wp:featuredmedia":[{"embeddable":true,"href":"https:\/\/www.santaritadopassaquatro.sp.gov.br\/portal\/wp-json\/wp\/v2\/media\/7273"}],"wp:attachment":[{"href":"https:\/\/www.santaritadopassaquatro.sp.gov.br\/portal\/wp-json\/wp\/v2\/media?parent=7272"}],"wp:term":[{"taxonomy":"category","embeddable":true,"href":"https:\/\/www.santaritadopassaquatro.sp.gov.br\/portal\/wp-json\/wp\/v2\/categories?post=7272"},{"taxonomy":"post_tag","embeddable":true,"href":"https:\/\/www.santaritadopassaquatro.sp.gov.br\/portal\/wp-json\/wp\/v2\/tags?post=7272"}],"curies":[{"name":"wp","href":"https:\/\/api.w.org\/{rel}","templated":true}]}}