{"id":7275,"date":"2022-08-02T15:35:31","date_gmt":"2022-08-02T18:35:31","guid":{"rendered":"http:\/\/www.santaritadopassaquatro.sp.gov.br\/portal\/?p=7275"},"modified":"2022-08-04T15:36:14","modified_gmt":"2022-08-04T18:36:14","slug":"copa-de-futebol-de-campo-nelson-afif-cury-dine-inscricoes-ate-10-de-agosto-2","status":"publish","type":"post","link":"https:\/\/www.santaritadopassaquatro.sp.gov.br\/portal\/copa-de-futebol-de-campo-nelson-afif-cury-dine-inscricoes-ate-10-de-agosto-2\/","title":{"rendered":"COPA DE FUTEBOL DE CAMPO NELSON AFIF CURY \u2013 DIN\u00c9 &#8212; INSCRI\u00c7\u00d5ES AT\u00c9 10 DE AGOSTO"},"content":{"rendered":"<p>A Prefeitura Municipal de Santa Rita do Passa Quatro, atrav\u00e9s do Departamento de Turismo, Esportes, Cultura e Lazer, anuncia a abertura das inscri\u00e7\u00f5es para a Primeira Copa de Futebol Nelson Afif Cury \u2013 Din\u00e9.<\/p>\n<p>O Campeonato ter\u00e1 a abertura no dia 04 de setembro, no est\u00e1dio da Cinel\u00e2ndia, \u00e0s 10h00, e as inscri\u00e7\u00f5es v\u00e3o at\u00e9 o dia 10 de agosto.<\/p>\n<p>Para mais informa\u00e7\u00f5es, entre em contato pelo telefone (19) 3582-4622<\/p>\n","protected":false},"excerpt":{"rendered":"<p>A Prefeitura Municipal de Santa Rita do Passa Quatro, atrav\u00e9s do Departamento de Turismo, Esportes, Cultura e Lazer, anuncia a<\/p>\n","protected":false},"author":1,"featured_media":7276,"comment_status":"closed","ping_status":"open","sticky":false,"template":"","format":"standard","meta":{"footnotes":""},"categories":[51,52],"tags":[],"class_list":["post-7275","post","type-post","status-publish","format-standard","has-post-thumbnail","hentry","category-sports","category-latest"],"_links":{"self":[{"href":"https:\/\/www.santaritadopassaquatro.sp.gov.br\/portal\/wp-json\/wp\/v2\/posts\/7275","targetHints":{"allow":["GET"]}}],"collection":[{"href":"https:\/\/www.santaritadopassaquatro.sp.gov.br\/portal\/wp-json\/wp\/v2\/posts"}],"about":[{"href":"https:\/\/www.santaritadopassaquatro.sp.gov.br\/portal\/wp-json\/wp\/v2\/types\/post"}],"author":[{"embeddable":true,"href":"https:\/\/www.santaritadopassaquatro.sp.gov.br\/portal\/wp-json\/wp\/v2\/users\/1"}],"replies":[{"embeddable":true,"href":"https:\/\/www.santaritadopassaquatro.sp.gov.br\/portal\/wp-json\/wp\/v2\/comments?post=7275"}],"version-history":[{"count":1,"href":"https:\/\/www.santaritadopassaquatro.sp.gov.br\/portal\/wp-json\/wp\/v2\/posts\/7275\/revisions"}],"predecessor-version":[{"id":7277,"href":"https:\/\/www.santaritadopassaquatro.sp.gov.br\/portal\/wp-json\/wp\/v2\/posts\/7275\/revisions\/7277"}],"wp:featuredmedia":[{"embeddable":true,"href":"https:\/\/www.santaritadopassaquatro.sp.gov.br\/portal\/wp-json\/wp\/v2\/media\/7276"}],"wp:attachment":[{"href":"https:\/\/www.santaritadopassaquatro.sp.gov.br\/portal\/wp-json\/wp\/v2\/media?parent=7275"}],"wp:term":[{"taxonomy":"category","embeddable":true,"href":"https:\/\/www.santaritadopassaquatro.sp.gov.br\/portal\/wp-json\/wp\/v2\/categories?post=7275"},{"taxonomy":"post_tag","embeddable":true,"href":"https:\/\/www.santaritadopassaquatro.sp.gov.br\/portal\/wp-json\/wp\/v2\/tags?post=7275"}],"curies":[{"name":"wp","href":"https:\/\/api.w.org\/{rel}","templated":true}]}}