{"id":728,"date":"2019-02-11T10:49:53","date_gmt":"2019-02-11T12:49:53","guid":{"rendered":"http:\/\/www.santaritadopassaquatro.sp.gov.br\/portal\/?p=728"},"modified":"2019-02-11T10:49:53","modified_gmt":"2019-02-11T12:49:53","slug":"carnaval-2019-santacarnafolia-o-carnaval-da-estancia-com-conforte-e-seguranca-para-as-familias","status":"publish","type":"post","link":"https:\/\/www.santaritadopassaquatro.sp.gov.br\/portal\/carnaval-2019-santacarnafolia-o-carnaval-da-estancia-com-conforte-e-seguranca-para-as-familias\/","title":{"rendered":"CARNAVAL 2019 &#8211;\u00a0Santacarnafolia, o carnaval da Est\u00e2ncia com conforto e seguran\u00e7a para as fam\u00edlias"},"content":{"rendered":"<p><strong><em>Promovido pelo Departamento Municipal de Turismo, evento acontece de 2 a 5 de mar\u00e7o, na pra\u00e7a Poeta Mario Mattoso <\/em><\/strong><\/p>\n<p>&nbsp;<\/p>\n<figure id=\"attachment_731\" aria-describedby=\"caption-attachment-731\" style=\"width: 300px\" class=\"wp-caption alignleft\"><img decoding=\"async\" class=\"wp-image-731 size-medium\" src=\"http:\/\/www.santaritadopassaquatro.sp.gov.br\/portal\/wp-content\/uploads\/2019\/02\/carnaval_banda_canossiasom-300x179.jpg\" alt=\"\" width=\"300\" height=\"179\" srcset=\"https:\/\/www.santaritadopassaquatro.sp.gov.br\/portal\/wp-content\/uploads\/2019\/02\/carnaval_banda_canossiasom-300x179.jpg 300w, https:\/\/www.santaritadopassaquatro.sp.gov.br\/portal\/wp-content\/uploads\/2019\/02\/carnaval_banda_canossiasom-768x459.jpg 768w, https:\/\/www.santaritadopassaquatro.sp.gov.br\/portal\/wp-content\/uploads\/2019\/02\/carnaval_banda_canossiasom.jpg 909w\" sizes=\"(max-width: 300px) 100vw, 300px\" \/><figcaption id=\"caption-attachment-731\" class=\"wp-caption-text\"><span style=\"font-size: 8pt; color: #999999;\"><em>A banda Conossiasom e m\u00fasicos convidados ir\u00e3o mais uma vez animar o os foli\u00f5es nas Pra\u00e7a da Esta\u00e7\u00e3o (Arquivo\/AssCom\/Divulga\u00e7\u00e3o)<\/em><\/span><\/figcaption><\/figure>\n<p>Espa\u00e7o Kids, frald\u00e1rio, controle de acesso e c\u00e2meras de monitoramento. Estes s\u00e3o alguns dos itens j\u00e1 definidos para o Santacarnafolia 2019, o Carnaval de Santa Rita do Passa Quatro.\u00a0 Promovido pelo Departamento Municipal de Turismo e Cultura, o evento acontece nos dias 2, 3, 4 a 5 de mar\u00e7o, na Pra\u00e7a Poeta M\u00e1rio Mattoso (Esta\u00e7\u00e3o).<\/p>\n<p>A anima\u00e7\u00e3o ser\u00e1 da banda Canossiasom e m\u00fasicos convidados, que v\u00e3o tocar ao vivo todo um repert\u00f3rio repleto de marchinhas e musicais infantis, nas primeiras horas da festa, e depois os diversos estilos musicais que animam os carnavais em todo Brasil.<\/p>\n<p>Os hor\u00e1rios ser\u00e3o das 17h \u00e0s 23 horas, de s\u00e1bado \u00e0 segunda-feira, e das 17h \u00e0s 22 horas, na ter\u00e7a-feira.<\/p>\n<figure id=\"attachment_729\" aria-describedby=\"caption-attachment-729\" style=\"width: 200px\" class=\"wp-caption alignright\"><img decoding=\"async\" class=\"wp-image-729 size-medium\" src=\"http:\/\/www.santaritadopassaquatro.sp.gov.br\/portal\/wp-content\/uploads\/2019\/02\/carnaval_fraldario-200x300.jpg\" alt=\"\" width=\"200\" height=\"300\" srcset=\"https:\/\/www.santaritadopassaquatro.sp.gov.br\/portal\/wp-content\/uploads\/2019\/02\/carnaval_fraldario-200x300.jpg 200w, https:\/\/www.santaritadopassaquatro.sp.gov.br\/portal\/wp-content\/uploads\/2019\/02\/carnaval_fraldario.jpg 623w\" sizes=\"(max-width: 200px) 100vw, 200px\" \/><figcaption id=\"caption-attachment-729\" class=\"wp-caption-text\"><span style=\"font-size: 8pt; color: #999999;\"><em>O frald\u00e1rio e Espa\u00e7o Kids, dedicados aos pequenos, com mais conforto para as fam\u00edlias (Arquivo\/AssCom\/Divulga\u00e7\u00e3o)<\/em><\/span><\/figcaption><\/figure>\n<p>O evento traz a expectativa de atrair muitos turistas para Est\u00e2ncia, que vem em busca da magia dos antigos carnavais de marchinhas, sem deixar de lado os sucessos atuais nas quatro noites de festa, com conforto e seguran\u00e7a.<\/p>\n<p>Toda a programa\u00e7\u00e3o acontece com entrada gratuita e participa\u00e7\u00e3o da feira do Turismo, em uma completa pra\u00e7a de alimenta\u00e7\u00e3o. A Pol\u00edcia Militar ir\u00e1 atuar com seu efetivo no aux\u00edlio \u00e0 seguran\u00e7a, dentro do programa Atividade Delegada.<\/p>\n<p>Para oferecer mais conforto e seguran\u00e7a \u00e0s fam\u00edlias, a exemplo do que aconteceu no ano passado, mais uma vez haver\u00e1 uma \u00e1rea destinada \u00e0s crian\u00e7as, com espa\u00e7o reservado \u00e0 divers\u00e3o e at\u00e9 um frald\u00e1rio, para melhor atender as fam\u00edlias.<\/p>\n<p>Para o Setor de Turismo, a realiza\u00e7\u00e3o do Carnaval Popular, al\u00e9m de oferecer entretenimento gratuito \u00e0 popula\u00e7\u00e3o, tamb\u00e9m estimula toda a cadeia produtiva do turismo, j\u00e1 que o evento, ao longo dos anos vem ganhando destaque em toda a regi\u00e3o, colaborando com o desenvolvimento econ\u00f4mico do munic\u00edpio.<\/p>\n<blockquote><p><strong>SERVI\u00c7O<\/strong><\/p>\n<p><strong>CARNAVAL 2018<br \/>\n<\/strong><strong>Data:<\/strong> 2, 3, 4 e 5 de mar\u00e7o.<br \/>\n<strong>Local:<\/strong> Pra\u00e7a Poeta Mario Mattoso (Esta\u00e7\u00e3o).<br \/>\n<strong>Hor\u00e1rio:<\/strong> a partir das 17 horas.<\/p><\/blockquote>\n<p>&nbsp;<\/p>\n<p>&nbsp;<\/p>\n<p>&nbsp;<\/p>\n<p><em>\u00a0<\/em><\/p>\n<p>&nbsp;<\/p>\n<p>&nbsp;<\/p>\n<p>&nbsp;<\/p>\n<p>&nbsp;<\/p>\n","protected":false},"excerpt":{"rendered":"<p>Promovido pelo Departamento Municipal de Turismo, evento acontece de 2 a 5 de mar\u00e7o, na pra\u00e7a Poeta Mario Mattoso &nbsp;<\/p>\n","protected":false},"author":1,"featured_media":732,"comment_status":"closed","ping_status":"open","sticky":false,"template":"","format":"standard","meta":{"footnotes":""},"categories":[46,48,52,60],"tags":[],"class_list":["post-728","post","type-post","status-publish","format-standard","has-post-thumbnail","hentry","category-cultura","category-featured","category-latest","category-turismo"],"_links":{"self":[{"href":"https:\/\/www.santaritadopassaquatro.sp.gov.br\/portal\/wp-json\/wp\/v2\/posts\/728","targetHints":{"allow":["GET"]}}],"collection":[{"href":"https:\/\/www.santaritadopassaquatro.sp.gov.br\/portal\/wp-json\/wp\/v2\/posts"}],"about":[{"href":"https:\/\/www.santaritadopassaquatro.sp.gov.br\/portal\/wp-json\/wp\/v2\/types\/post"}],"author":[{"embeddable":true,"href":"https:\/\/www.santaritadopassaquatro.sp.gov.br\/portal\/wp-json\/wp\/v2\/users\/1"}],"replies":[{"embeddable":true,"href":"https:\/\/www.santaritadopassaquatro.sp.gov.br\/portal\/wp-json\/wp\/v2\/comments?post=728"}],"version-history":[{"count":0,"href":"https:\/\/www.santaritadopassaquatro.sp.gov.br\/portal\/wp-json\/wp\/v2\/posts\/728\/revisions"}],"wp:featuredmedia":[{"embeddable":true,"href":"https:\/\/www.santaritadopassaquatro.sp.gov.br\/portal\/wp-json\/wp\/v2\/media\/732"}],"wp:attachment":[{"href":"https:\/\/www.santaritadopassaquatro.sp.gov.br\/portal\/wp-json\/wp\/v2\/media?parent=728"}],"wp:term":[{"taxonomy":"category","embeddable":true,"href":"https:\/\/www.santaritadopassaquatro.sp.gov.br\/portal\/wp-json\/wp\/v2\/categories?post=728"},{"taxonomy":"post_tag","embeddable":true,"href":"https:\/\/www.santaritadopassaquatro.sp.gov.br\/portal\/wp-json\/wp\/v2\/tags?post=728"}],"curies":[{"name":"wp","href":"https:\/\/api.w.org\/{rel}","templated":true}]}}