{"id":7285,"date":"2021-07-30T16:49:16","date_gmt":"2021-07-30T19:49:16","guid":{"rendered":"http:\/\/www.santaritadopassaquatro.sp.gov.br\/portal\/?p=7285"},"modified":"2022-08-08T16:50:17","modified_gmt":"2022-08-08T19:50:17","slug":"projeto-sp-acolhe","status":"publish","type":"post","link":"https:\/\/www.santaritadopassaquatro.sp.gov.br\/portal\/projeto-sp-acolhe\/","title":{"rendered":"Projeto SP Acolhe"},"content":{"rendered":"<p>Nesta ter\u00e7a-feira, o prefeito Marcelo Sim\u00e3o, acompanhado da Diretora do Departamento de Assist\u00eancia Social, Patr\u00edcia Jord\u00e3o Mion, foram ao Pal\u00e1cio dos Bandeirantes para a apresenta\u00e7\u00e3o do Projeto SP Acolhe, que ir\u00e1 beneficiar aos familiares de v\u00edtimas fatais da COVID-19.<br \/>\nO que \u00e9 o Programa SP Acolhe?<br \/>\n\u00c9 um programa de transfer\u00eancia de renda para fam\u00edlias que perderam pelo menos um membro do n\u00facleo familiar por Covid-19 desde o come\u00e7o da pandemia. Iniciativa do Governo do Estado de S\u00e3o Paulo para o enfrentamento dos desafios impostos pela pandemia da Covid-19, amparando a popula\u00e7\u00e3o em maior fragilidade social coordenado pela Secretaria de Desenvolvimento Social do Estado de S\u00e3o Paulo.<br \/>\nQuem ser\u00e1 beneficiado?<br \/>\nO programa vai beneficiar 11.026 fam\u00edlias em todo o Estado de S\u00e3o Paulo, com 11.143 aux\u00edlios, totalizando investimento de R$ 20.057.400,00. O benef\u00edcio de R$ 1.800,00, ser\u00e1 pago em 6 parcelas mensais no valor de R$ 300,00, entre os meses de julho e dezembro de 2021.<br \/>\nQuem \u00e9 o p\u00fablico-alvo e quais s\u00e3o os crit\u00e9rios para participar do programa?<br \/>\nO p\u00fablico-alvo da iniciativa s\u00e3o fam\u00edlias inscritas no Cad\u00danico com renda mensal de at\u00e9 3 sal\u00e1rios-m\u00ednimos que tenham perdido pelo menos um familiar v\u00edtima de Covid 19, podendo ser pai, m\u00e3e, av\u00f4, av\u00f3, filho, filha etc., desde que o \u00f3bito tenha ocorrido dentro do n\u00facleo familiar. O programa considera todas as estruturas familiares, exceto a unifamiliar (uma \u00fanica pessoa), com filhos de todas as idades.<\/p>\n","protected":false},"excerpt":{"rendered":"<p>Nesta ter\u00e7a-feira, o prefeito Marcelo Sim\u00e3o, acompanhado da Diretora do Departamento de Assist\u00eancia Social, Patr\u00edcia Jord\u00e3o Mion, foram ao Pal\u00e1cio<\/p>\n","protected":false},"author":1,"featured_media":7286,"comment_status":"closed","ping_status":"open","sticky":false,"template":"","format":"standard","meta":{"footnotes":""},"categories":[43],"tags":[],"class_list":["post-7285","post","type-post","status-publish","format-standard","has-post-thumbnail","hentry","category-assistenciasocial"],"_links":{"self":[{"href":"https:\/\/www.santaritadopassaquatro.sp.gov.br\/portal\/wp-json\/wp\/v2\/posts\/7285","targetHints":{"allow":["GET"]}}],"collection":[{"href":"https:\/\/www.santaritadopassaquatro.sp.gov.br\/portal\/wp-json\/wp\/v2\/posts"}],"about":[{"href":"https:\/\/www.santaritadopassaquatro.sp.gov.br\/portal\/wp-json\/wp\/v2\/types\/post"}],"author":[{"embeddable":true,"href":"https:\/\/www.santaritadopassaquatro.sp.gov.br\/portal\/wp-json\/wp\/v2\/users\/1"}],"replies":[{"embeddable":true,"href":"https:\/\/www.santaritadopassaquatro.sp.gov.br\/portal\/wp-json\/wp\/v2\/comments?post=7285"}],"version-history":[{"count":1,"href":"https:\/\/www.santaritadopassaquatro.sp.gov.br\/portal\/wp-json\/wp\/v2\/posts\/7285\/revisions"}],"predecessor-version":[{"id":7287,"href":"https:\/\/www.santaritadopassaquatro.sp.gov.br\/portal\/wp-json\/wp\/v2\/posts\/7285\/revisions\/7287"}],"wp:featuredmedia":[{"embeddable":true,"href":"https:\/\/www.santaritadopassaquatro.sp.gov.br\/portal\/wp-json\/wp\/v2\/media\/7286"}],"wp:attachment":[{"href":"https:\/\/www.santaritadopassaquatro.sp.gov.br\/portal\/wp-json\/wp\/v2\/media?parent=7285"}],"wp:term":[{"taxonomy":"category","embeddable":true,"href":"https:\/\/www.santaritadopassaquatro.sp.gov.br\/portal\/wp-json\/wp\/v2\/categories?post=7285"},{"taxonomy":"post_tag","embeddable":true,"href":"https:\/\/www.santaritadopassaquatro.sp.gov.br\/portal\/wp-json\/wp\/v2\/tags?post=7285"}],"curies":[{"name":"wp","href":"https:\/\/api.w.org\/{rel}","templated":true}]}}