{"id":7321,"date":"2022-04-13T17:03:24","date_gmt":"2022-04-13T20:03:24","guid":{"rendered":"http:\/\/www.santaritadopassaquatro.sp.gov.br\/portal\/?p=7321"},"modified":"2022-08-08T17:04:36","modified_gmt":"2022-08-08T20:04:36","slug":"transporte-publico-funcionara-na-sexta-feira-santa","status":"publish","type":"post","link":"https:\/\/www.santaritadopassaquatro.sp.gov.br\/portal\/transporte-publico-funcionara-na-sexta-feira-santa\/","title":{"rendered":"TRANSPORTE P\u00daBLICO FUNCIONAR\u00c1 NA SEXTA-FEIRA SANTA"},"content":{"rendered":"<p>A Prefeitura de Santa Rita informa que o Transporte P\u00fablico funcionar\u00e1 normalmente nesta Sexta-Feira Santa (15).<br \/>\nInformamos ainda que n\u00e3o h\u00e1 qualquer altera\u00e7\u00e3o no itiner\u00e1rio e hor\u00e1rio dos \u00f4nibus que trafegam pela cidade.<br \/>\nVerifique nas imagens os pontos de paradas e hor\u00e1rios das 5 linhas de \u00f4nibus dispon\u00edveis em Santa Rita.<br \/>\nRessaltamos que o transporte em Santa Rita \u00e9 um servi\u00e7o gratuitamente oferecido pela Prefeitura de Santa Rita.<\/p>\n<p><img decoding=\"async\" class=\"aligncenter size-full wp-image-7322\" src=\"http:\/\/www.santaritadopassaquatro.sp.gov.br\/portal\/wp-content\/uploads\/2022\/08\/WhatsApp-Image-2022-07-27-at-08.49.05.jpeg\" alt=\"\" width=\"1043\" height=\"1280\" \/> <img decoding=\"async\" class=\"aligncenter size-large wp-image-7323\" src=\"http:\/\/www.santaritadopassaquatro.sp.gov.br\/portal\/wp-content\/uploads\/2022\/08\/WhatsApp-Image-2022-07-27-at-08.49.06.jpeg\" alt=\"\" width=\"800\" height=\"982\" \/> <img decoding=\"async\" class=\"aligncenter size-large wp-image-7324\" src=\"http:\/\/www.santaritadopassaquatro.sp.gov.br\/portal\/wp-content\/uploads\/2022\/08\/WhatsApp-Image-2022-07-27-at-08.49.07.jpeg\" alt=\"\" width=\"800\" height=\"982\" \/> <img decoding=\"async\" class=\"aligncenter size-large wp-image-7325\" src=\"http:\/\/www.santaritadopassaquatro.sp.gov.br\/portal\/wp-content\/uploads\/2022\/08\/WhatsApp-Image-2022-07-27-at-08.49.08-1.jpeg\" alt=\"\" width=\"800\" height=\"982\" \/> <img decoding=\"async\" class=\"aligncenter size-large wp-image-7326\" src=\"http:\/\/www.santaritadopassaquatro.sp.gov.br\/portal\/wp-content\/uploads\/2022\/08\/WhatsApp-Image-2022-07-27-at-08.49.08.jpeg\" alt=\"\" width=\"800\" height=\"982\" \/> <img decoding=\"async\" class=\"aligncenter size-large wp-image-7327\" src=\"http:\/\/www.santaritadopassaquatro.sp.gov.br\/portal\/wp-content\/uploads\/2022\/08\/WhatsApp-Image-2022-07-27-at-08.49.10.jpeg\" alt=\"\" width=\"800\" height=\"973\" \/><\/p>\n","protected":false},"excerpt":{"rendered":"<p>A Prefeitura de Santa Rita informa que o Transporte P\u00fablico funcionar\u00e1 normalmente nesta Sexta-Feira Santa (15). Informamos ainda que n\u00e3o<\/p>\n","protected":false},"author":1,"featured_media":7327,"comment_status":"closed","ping_status":"open","sticky":false,"template":"","format":"standard","meta":{"footnotes":""},"categories":[63],"tags":[],"class_list":["post-7321","post","type-post","status-publish","format-standard","has-post-thumbnail","hentry","category-servicos-municipais"],"_links":{"self":[{"href":"https:\/\/www.santaritadopassaquatro.sp.gov.br\/portal\/wp-json\/wp\/v2\/posts\/7321","targetHints":{"allow":["GET"]}}],"collection":[{"href":"https:\/\/www.santaritadopassaquatro.sp.gov.br\/portal\/wp-json\/wp\/v2\/posts"}],"about":[{"href":"https:\/\/www.santaritadopassaquatro.sp.gov.br\/portal\/wp-json\/wp\/v2\/types\/post"}],"author":[{"embeddable":true,"href":"https:\/\/www.santaritadopassaquatro.sp.gov.br\/portal\/wp-json\/wp\/v2\/users\/1"}],"replies":[{"embeddable":true,"href":"https:\/\/www.santaritadopassaquatro.sp.gov.br\/portal\/wp-json\/wp\/v2\/comments?post=7321"}],"version-history":[{"count":1,"href":"https:\/\/www.santaritadopassaquatro.sp.gov.br\/portal\/wp-json\/wp\/v2\/posts\/7321\/revisions"}],"predecessor-version":[{"id":7328,"href":"https:\/\/www.santaritadopassaquatro.sp.gov.br\/portal\/wp-json\/wp\/v2\/posts\/7321\/revisions\/7328"}],"wp:featuredmedia":[{"embeddable":true,"href":"https:\/\/www.santaritadopassaquatro.sp.gov.br\/portal\/wp-json\/wp\/v2\/media\/7327"}],"wp:attachment":[{"href":"https:\/\/www.santaritadopassaquatro.sp.gov.br\/portal\/wp-json\/wp\/v2\/media?parent=7321"}],"wp:term":[{"taxonomy":"category","embeddable":true,"href":"https:\/\/www.santaritadopassaquatro.sp.gov.br\/portal\/wp-json\/wp\/v2\/categories?post=7321"},{"taxonomy":"post_tag","embeddable":true,"href":"https:\/\/www.santaritadopassaquatro.sp.gov.br\/portal\/wp-json\/wp\/v2\/tags?post=7321"}],"curies":[{"name":"wp","href":"https:\/\/api.w.org\/{rel}","templated":true}]}}