{"id":7345,"date":"2022-08-10T11:11:58","date_gmt":"2022-08-10T14:11:58","guid":{"rendered":"http:\/\/www.santaritadopassaquatro.sp.gov.br\/portal\/?p=7345"},"modified":"2022-08-10T11:11:58","modified_gmt":"2022-08-10T14:11:58","slug":"agosto-lilas-campanha-para-combate-a-violencia-contra-as-mulheres","status":"publish","type":"post","link":"https:\/\/www.santaritadopassaquatro.sp.gov.br\/portal\/agosto-lilas-campanha-para-combate-a-violencia-contra-as-mulheres\/","title":{"rendered":"AGOSTO LIL\u00c1S \u2013 CAMPANHA PARA COMBATE \u00c0 VIOL\u00caNCIA CONTRA AS MULHERES"},"content":{"rendered":"<p>Foi lan\u00e7ada no \u00faltimo dia 03, a Campanha \u201cAgosto Lil\u00e1s\u201d, com o objetivo de discutir temas relacionados ao enfrentamento da viol\u00eancia contra as mulheres em suas diversas formas. As atividades coincidem com o anivers\u00e1rio da Lei Maria da Penha (11.340\/06), considerada legisla\u00e7\u00e3o de refer\u00eancia em todo o mundo no combate a esse tipo de viol\u00eancia.<br \/>\nA Prefeitura Municipal de Santa Rita do Passa Quatro apoia esta causa e manter\u00e1 durante o m\u00eas de agosto o portal da cidade com a cor lil\u00e1s.<\/p>\n<p>Recentemente o Prefeito Marcelo Sim\u00e3o assinou um conv\u00eanio para repasse de verbas com a Casa Bel\u00e9m, importante institui\u00e7\u00e3o que tem um projeto espec\u00edfico para acolhimento de mulheres v\u00edtimas de viol\u00eancia dom\u00e9stica.<\/p>\n","protected":false},"excerpt":{"rendered":"<p>Foi lan\u00e7ada no \u00faltimo dia 03, a Campanha \u201cAgosto Lil\u00e1s\u201d, com o objetivo de discutir temas relacionados ao enfrentamento da<\/p>\n","protected":false},"author":1,"featured_media":7347,"comment_status":"closed","ping_status":"open","sticky":false,"template":"","format":"standard","meta":{"footnotes":""},"categories":[52,58],"tags":[],"class_list":["post-7345","post","type-post","status-publish","format-standard","has-post-thumbnail","hentry","category-latest","category-health"],"_links":{"self":[{"href":"https:\/\/www.santaritadopassaquatro.sp.gov.br\/portal\/wp-json\/wp\/v2\/posts\/7345","targetHints":{"allow":["GET"]}}],"collection":[{"href":"https:\/\/www.santaritadopassaquatro.sp.gov.br\/portal\/wp-json\/wp\/v2\/posts"}],"about":[{"href":"https:\/\/www.santaritadopassaquatro.sp.gov.br\/portal\/wp-json\/wp\/v2\/types\/post"}],"author":[{"embeddable":true,"href":"https:\/\/www.santaritadopassaquatro.sp.gov.br\/portal\/wp-json\/wp\/v2\/users\/1"}],"replies":[{"embeddable":true,"href":"https:\/\/www.santaritadopassaquatro.sp.gov.br\/portal\/wp-json\/wp\/v2\/comments?post=7345"}],"version-history":[{"count":1,"href":"https:\/\/www.santaritadopassaquatro.sp.gov.br\/portal\/wp-json\/wp\/v2\/posts\/7345\/revisions"}],"predecessor-version":[{"id":7348,"href":"https:\/\/www.santaritadopassaquatro.sp.gov.br\/portal\/wp-json\/wp\/v2\/posts\/7345\/revisions\/7348"}],"wp:featuredmedia":[{"embeddable":true,"href":"https:\/\/www.santaritadopassaquatro.sp.gov.br\/portal\/wp-json\/wp\/v2\/media\/7347"}],"wp:attachment":[{"href":"https:\/\/www.santaritadopassaquatro.sp.gov.br\/portal\/wp-json\/wp\/v2\/media?parent=7345"}],"wp:term":[{"taxonomy":"category","embeddable":true,"href":"https:\/\/www.santaritadopassaquatro.sp.gov.br\/portal\/wp-json\/wp\/v2\/categories?post=7345"},{"taxonomy":"post_tag","embeddable":true,"href":"https:\/\/www.santaritadopassaquatro.sp.gov.br\/portal\/wp-json\/wp\/v2\/tags?post=7345"}],"curies":[{"name":"wp","href":"https:\/\/api.w.org\/{rel}","templated":true}]}}