{"id":7349,"date":"2022-08-10T11:13:27","date_gmt":"2022-08-10T14:13:27","guid":{"rendered":"http:\/\/www.santaritadopassaquatro.sp.gov.br\/portal\/?p=7349"},"modified":"2022-08-10T11:13:27","modified_gmt":"2022-08-10T14:13:27","slug":"museu-historico-e-pedagogico-zequinha-de-abreu-3","status":"publish","type":"post","link":"https:\/\/www.santaritadopassaquatro.sp.gov.br\/portal\/museu-historico-e-pedagogico-zequinha-de-abreu-3\/","title":{"rendered":"Museu Hist\u00f3rico e Pedag\u00f3gico Zequinha de Abreu"},"content":{"rendered":"<p>&#8220;Os cientistas dizem que somos feitos de \u00e1tomos, mas um passarinho me contou que somos feitos de hist\u00f3rias&#8221;. Eduardo Galeano<\/p>\n<p>Acompanhem os hor\u00e1rios de visita\u00e7\u00e3o para o m\u00eas de agosto.<\/p>\n<p>TER\u00c7AS A SEXTAS<br \/>\ndas 08h00 \u00e0s 11h00 e<br \/>\ndas 13h00 \u00e0s 17h00<br \/>\n(De 22 a 31 de agosto o Museu estar\u00e1 fechado para estrutura\u00e7\u00e3o da Virada Cultural-SP.)<\/p>\n<p>S\u00c1BADOS ABERTOS das 11h00 \u00e0s 15h00<\/p>\n<p>DOMINGOS ABERTOS das 10h00 \u00e0s 14h00<br \/>\n(*exceto dia 14 de agosto fechado)<\/p>\n<p>SEGUNDAS-FEIRAS FECHADO (Manuten\u00e7\u00e3o)<br \/>\nAguardamos voc\u00eas.<\/p>\n","protected":false},"excerpt":{"rendered":"<p>&#8220;Os cientistas dizem que somos feitos de \u00e1tomos, mas um passarinho me contou que somos feitos de hist\u00f3rias&#8221;. Eduardo Galeano<\/p>\n","protected":false},"author":1,"featured_media":7350,"comment_status":"closed","ping_status":"open","sticky":false,"template":"","format":"standard","meta":{"footnotes":""},"categories":[46],"tags":[],"class_list":["post-7349","post","type-post","status-publish","format-standard","has-post-thumbnail","hentry","category-cultura"],"_links":{"self":[{"href":"https:\/\/www.santaritadopassaquatro.sp.gov.br\/portal\/wp-json\/wp\/v2\/posts\/7349","targetHints":{"allow":["GET"]}}],"collection":[{"href":"https:\/\/www.santaritadopassaquatro.sp.gov.br\/portal\/wp-json\/wp\/v2\/posts"}],"about":[{"href":"https:\/\/www.santaritadopassaquatro.sp.gov.br\/portal\/wp-json\/wp\/v2\/types\/post"}],"author":[{"embeddable":true,"href":"https:\/\/www.santaritadopassaquatro.sp.gov.br\/portal\/wp-json\/wp\/v2\/users\/1"}],"replies":[{"embeddable":true,"href":"https:\/\/www.santaritadopassaquatro.sp.gov.br\/portal\/wp-json\/wp\/v2\/comments?post=7349"}],"version-history":[{"count":1,"href":"https:\/\/www.santaritadopassaquatro.sp.gov.br\/portal\/wp-json\/wp\/v2\/posts\/7349\/revisions"}],"predecessor-version":[{"id":7351,"href":"https:\/\/www.santaritadopassaquatro.sp.gov.br\/portal\/wp-json\/wp\/v2\/posts\/7349\/revisions\/7351"}],"wp:featuredmedia":[{"embeddable":true,"href":"https:\/\/www.santaritadopassaquatro.sp.gov.br\/portal\/wp-json\/wp\/v2\/media\/7350"}],"wp:attachment":[{"href":"https:\/\/www.santaritadopassaquatro.sp.gov.br\/portal\/wp-json\/wp\/v2\/media?parent=7349"}],"wp:term":[{"taxonomy":"category","embeddable":true,"href":"https:\/\/www.santaritadopassaquatro.sp.gov.br\/portal\/wp-json\/wp\/v2\/categories?post=7349"},{"taxonomy":"post_tag","embeddable":true,"href":"https:\/\/www.santaritadopassaquatro.sp.gov.br\/portal\/wp-json\/wp\/v2\/tags?post=7349"}],"curies":[{"name":"wp","href":"https:\/\/api.w.org\/{rel}","templated":true}]}}