{"id":7352,"date":"2022-08-11T10:32:52","date_gmt":"2022-08-11T13:32:52","guid":{"rendered":"http:\/\/www.santaritadopassaquatro.sp.gov.br\/portal\/?p=7352"},"modified":"2022-08-11T10:32:52","modified_gmt":"2022-08-11T13:32:52","slug":"campanha-de-vacinacao-contra-a-poliomelite-e-multivacinacao","status":"publish","type":"post","link":"https:\/\/www.santaritadopassaquatro.sp.gov.br\/portal\/campanha-de-vacinacao-contra-a-poliomelite-e-multivacinacao\/","title":{"rendered":"CAMPANHA DE VACINA\u00c7\u00c3O CONTRA A POLIOMELITE E MULTIVACINA\u00c7\u00c3O"},"content":{"rendered":"<p>Santa Rita do Passa quatro iniciou a Campanha Nacional de Vacina\u00e7\u00e3o contra a poliomielite (para crian\u00e7as menores de cinco anos) e Multivacina\u00e7\u00e3o para Atualiza\u00e7\u00e3o da Caderneta de Vacina\u00e7\u00e3o da Crian\u00e7a e do Adolescente (menores de 15 anos de idade).<\/p>\n<p>A campanha ocorre em todo o pa\u00eds at\u00e9 09\/09, sendo que no dia 20\/08 acontecer\u00e1 o dia \u201cD\u201d. Em Santa Rita, os pais podem levar seus filhos nos postos de sa\u00fade do CAIC ou no CSII (pr\u00f3ximo \u00e0 Santa Casa), de segunda a sexta das 07h30 \u00e0s 15h00.<\/p>\n","protected":false},"excerpt":{"rendered":"<p>Santa Rita do Passa quatro iniciou a Campanha Nacional de Vacina\u00e7\u00e3o contra a poliomielite (para crian\u00e7as menores de cinco anos)<\/p>\n","protected":false},"author":1,"featured_media":7353,"comment_status":"closed","ping_status":"open","sticky":false,"template":"","format":"standard","meta":{"footnotes":""},"categories":[58],"tags":[],"class_list":["post-7352","post","type-post","status-publish","format-standard","has-post-thumbnail","hentry","category-health"],"_links":{"self":[{"href":"https:\/\/www.santaritadopassaquatro.sp.gov.br\/portal\/wp-json\/wp\/v2\/posts\/7352","targetHints":{"allow":["GET"]}}],"collection":[{"href":"https:\/\/www.santaritadopassaquatro.sp.gov.br\/portal\/wp-json\/wp\/v2\/posts"}],"about":[{"href":"https:\/\/www.santaritadopassaquatro.sp.gov.br\/portal\/wp-json\/wp\/v2\/types\/post"}],"author":[{"embeddable":true,"href":"https:\/\/www.santaritadopassaquatro.sp.gov.br\/portal\/wp-json\/wp\/v2\/users\/1"}],"replies":[{"embeddable":true,"href":"https:\/\/www.santaritadopassaquatro.sp.gov.br\/portal\/wp-json\/wp\/v2\/comments?post=7352"}],"version-history":[{"count":1,"href":"https:\/\/www.santaritadopassaquatro.sp.gov.br\/portal\/wp-json\/wp\/v2\/posts\/7352\/revisions"}],"predecessor-version":[{"id":7354,"href":"https:\/\/www.santaritadopassaquatro.sp.gov.br\/portal\/wp-json\/wp\/v2\/posts\/7352\/revisions\/7354"}],"wp:featuredmedia":[{"embeddable":true,"href":"https:\/\/www.santaritadopassaquatro.sp.gov.br\/portal\/wp-json\/wp\/v2\/media\/7353"}],"wp:attachment":[{"href":"https:\/\/www.santaritadopassaquatro.sp.gov.br\/portal\/wp-json\/wp\/v2\/media?parent=7352"}],"wp:term":[{"taxonomy":"category","embeddable":true,"href":"https:\/\/www.santaritadopassaquatro.sp.gov.br\/portal\/wp-json\/wp\/v2\/categories?post=7352"},{"taxonomy":"post_tag","embeddable":true,"href":"https:\/\/www.santaritadopassaquatro.sp.gov.br\/portal\/wp-json\/wp\/v2\/tags?post=7352"}],"curies":[{"name":"wp","href":"https:\/\/api.w.org\/{rel}","templated":true}]}}