{"id":7355,"date":"2022-08-11T10:35:33","date_gmt":"2022-08-11T13:35:33","guid":{"rendered":"http:\/\/www.santaritadopassaquatro.sp.gov.br\/portal\/?p=7355"},"modified":"2022-08-11T10:35:33","modified_gmt":"2022-08-11T13:35:33","slug":"cine-cultura","status":"publish","type":"post","link":"https:\/\/www.santaritadopassaquatro.sp.gov.br\/portal\/cine-cultura\/","title":{"rendered":"CINE CULTURA"},"content":{"rendered":"<p>\u201cNum filme o que importa n\u00e3o \u00e9 a realidade, mas o que dela possa extrair a imagina\u00e7\u00e3o.\u201d<\/p>\n<p>Charles Chaplin<br \/>\nDe 16 a 19 de agosto acontecer\u00e1 o projeto \u201cCine Cultura\u201d, onde ser\u00e3o realizadas sess\u00f5es de filmes, gratuitas fechadas para escolas municipais e assist\u00eancia social e sess\u00f5es gratuitas abertas ao p\u00fablico em geral. Esta \u00e9 uma parceria do Departamento de Cultura da Prefeitura Municipal de Santa Rita do Passa Quatro, com o Ponto MIS (Museu de Imagem e Som) da cidade de S\u00e3o Paulo.<br \/>\nSegue a agenda das Sess\u00f5es Abertas ao P\u00fablico<br \/>\nLocal de Exibi\u00e7\u00e3o: Centro Cultural Gov. Mario Covas, pra\u00e7a Jos\u00e9 Gonso. s\/n, Cindel\u00e2ndia<\/p>\n<p><img decoding=\"async\" class=\"aligncenter size-full wp-image-7356\" src=\"http:\/\/www.santaritadopassaquatro.sp.gov.br\/portal\/wp-content\/uploads\/2022\/08\/d22f9554-c72a-46ad-9ac2-574c71e52849.jpg\" alt=\"\" width=\"1080\" height=\"1080\" \/><\/p>\n<p>O REI LE\u00c3O (1994) Dia: 17\/08 (4\u00aa feira), hor\u00e1rio 19:00<br \/>\nClassifica\u00e7\u00e3o et\u00e1ria: livre (DUBLADO)<br \/>\nDiretor: Rob Minkoff Roger Allers, Pa\u00eds de produ\u00e7\u00e3o: EUA<br \/>\nTempo de dura\u00e7\u00e3o: 1h 27 min<br \/>\nG\u00eanero: Anima\u00e7\u00e3o Infantil<br \/>\nVencedor do Oscar (1995) de Melhor Trilha Sonora e Can\u00e7\u00e3o Original<br \/>\nSinopse: Mufasa (James Earl Jones), o Rei Le\u00e3o, e a rainha Sarabi (Madge Sinclair) apresentam ao reino o herdeiro do trono, Simba (Matthew Broderick). O rec\u00e9m-nascido recebe a b\u00ean\u00e7\u00e3o do s\u00e1bio babu\u00edno Rafiki (Robert Guillaume), mas ao crescer \u00e9 envolvido nas artimanhas de seu tio Scar (Jeremy Irons), o invejoso e maquiav\u00e9lico irm\u00e3o de Mufasa, que planeja livrar-se do sobrinho e herdar o trono.<br \/>\nAssista o trailer do Filme no link <a href=\"https:\/\/www.youtube.com\/watch?v=rHiHRhbTv-Q\" target=\"_blank\" rel=\"noopener\">https:\/\/www.youtube.com\/watch?v=rHiHRhbTv-Q<\/a><\/p>\n<p><img decoding=\"async\" class=\"aligncenter size-full wp-image-7357\" src=\"http:\/\/www.santaritadopassaquatro.sp.gov.br\/portal\/wp-content\/uploads\/2022\/08\/9ef21987-96d9-470b-a943-fcc81735f400.jpg\" alt=\"\" width=\"1080\" height=\"1080\" \/><\/p>\n<p>BELFAST (2021) Dia: 19\/08 (6\u00aa feira), hor\u00e1rio 19:00<br \/>\nClassifica\u00e7\u00e3o et\u00e1ria: 14 anos (DUBLADO)<br \/>\nDiretor: Kenneth Branagh, Pa\u00eds de produ\u00e7\u00e3o: Reino Unido da Gr\u00e3-Bretanha e Irlanda do Norte<br \/>\nTempo de dura\u00e7\u00e3o: 1h 39min<br \/>\nG\u00eanero: Drama<br \/>\nVencedor do Oscar (2022) de Melhor Roteiro Original<br \/>\nSinopse: Na Irlanda do Norte dos anos 60, um menino de 9 anos experimenta o amor, a alegria e a perda. Em meio a conflitos pol\u00edticos e sociais, o garoto tenta encontrar um lugar seguro para sonhar enquanto sua fam\u00edlia busca uma vida melhor.<br \/>\nAssista o trailer do Filme no link <a href=\"https:\/\/www.youtube.com\/watch?v=H9gCG1lUb78\" target=\"_blank\" rel=\"noopener\">https:\/\/www.youtube.com\/watch?v=H9gCG1lUb78<\/a><\/p>\n","protected":false},"excerpt":{"rendered":"<p>\u201cNum filme o que importa n\u00e3o \u00e9 a realidade, mas o que dela possa extrair a imagina\u00e7\u00e3o.\u201d Charles Chaplin De<\/p>\n","protected":false},"author":1,"featured_media":0,"comment_status":"closed","ping_status":"open","sticky":false,"template":"","format":"standard","meta":{"footnotes":""},"categories":[46],"tags":[],"class_list":["post-7355","post","type-post","status-publish","format-standard","hentry","category-cultura"],"_links":{"self":[{"href":"https:\/\/www.santaritadopassaquatro.sp.gov.br\/portal\/wp-json\/wp\/v2\/posts\/7355","targetHints":{"allow":["GET"]}}],"collection":[{"href":"https:\/\/www.santaritadopassaquatro.sp.gov.br\/portal\/wp-json\/wp\/v2\/posts"}],"about":[{"href":"https:\/\/www.santaritadopassaquatro.sp.gov.br\/portal\/wp-json\/wp\/v2\/types\/post"}],"author":[{"embeddable":true,"href":"https:\/\/www.santaritadopassaquatro.sp.gov.br\/portal\/wp-json\/wp\/v2\/users\/1"}],"replies":[{"embeddable":true,"href":"https:\/\/www.santaritadopassaquatro.sp.gov.br\/portal\/wp-json\/wp\/v2\/comments?post=7355"}],"version-history":[{"count":1,"href":"https:\/\/www.santaritadopassaquatro.sp.gov.br\/portal\/wp-json\/wp\/v2\/posts\/7355\/revisions"}],"predecessor-version":[{"id":7358,"href":"https:\/\/www.santaritadopassaquatro.sp.gov.br\/portal\/wp-json\/wp\/v2\/posts\/7355\/revisions\/7358"}],"wp:attachment":[{"href":"https:\/\/www.santaritadopassaquatro.sp.gov.br\/portal\/wp-json\/wp\/v2\/media?parent=7355"}],"wp:term":[{"taxonomy":"category","embeddable":true,"href":"https:\/\/www.santaritadopassaquatro.sp.gov.br\/portal\/wp-json\/wp\/v2\/categories?post=7355"},{"taxonomy":"post_tag","embeddable":true,"href":"https:\/\/www.santaritadopassaquatro.sp.gov.br\/portal\/wp-json\/wp\/v2\/tags?post=7355"}],"curies":[{"name":"wp","href":"https:\/\/api.w.org\/{rel}","templated":true}]}}