{"id":7399,"date":"2022-01-03T10:52:27","date_gmt":"2022-01-03T13:52:27","guid":{"rendered":"http:\/\/www.santaritadopassaquatro.sp.gov.br\/portal\/?p=7399"},"modified":"2022-08-11T10:55:28","modified_gmt":"2022-08-11T13:55:28","slug":"prefeitura-concede-bonus-a-todos-os-profissionais-da-rede-municipal-de-ensino","status":"publish","type":"post","link":"https:\/\/www.santaritadopassaquatro.sp.gov.br\/portal\/prefeitura-concede-bonus-a-todos-os-profissionais-da-rede-municipal-de-ensino\/","title":{"rendered":"PREFEITURA CONCEDE B\u00d4NUS A TODOS OS PROFISSIONAIS DA REDE MUNICIPAL DE ENSINO"},"content":{"rendered":"<p>A Prefeitura Municipal de Santa Rita do Passa Quatro, em reuni\u00e3o com os vereadores Amadeu Louren\u00e7o, Fl\u00e1vio Peron, Fernando Borges, Gilberto Bentlin Junior \u2013 Verdun e Sebasti\u00e3o Zerbatto, anunciou a bonifica\u00e7\u00e3o a todos os profissionais da Rede Municipal de Ensino, proveniente de recursos do FUNDEB.<br \/>\nEstes recursos ser\u00e3o rateados conforme a carga hor\u00e1ria de trabalho de cada profissional.<\/p>\n<p><a href=\"https:\/\/fb.watch\/ewTv2685qi\/\" target=\"_blank\" rel=\"noopener\">https:\/\/fb.watch\/ewTv2685qi\/<\/a><\/p>\n","protected":false},"excerpt":{"rendered":"<p>A Prefeitura Municipal de Santa Rita do Passa Quatro, em reuni\u00e3o com os vereadores Amadeu Louren\u00e7o, Fl\u00e1vio Peron, Fernando Borges,<\/p>\n","protected":false},"author":1,"featured_media":0,"comment_status":"closed","ping_status":"open","sticky":false,"template":"","format":"standard","meta":{"footnotes":""},"categories":[28],"tags":[],"class_list":["post-7399","post","type-post","status-publish","format-standard","hentry","category-educacao"],"_links":{"self":[{"href":"https:\/\/www.santaritadopassaquatro.sp.gov.br\/portal\/wp-json\/wp\/v2\/posts\/7399","targetHints":{"allow":["GET"]}}],"collection":[{"href":"https:\/\/www.santaritadopassaquatro.sp.gov.br\/portal\/wp-json\/wp\/v2\/posts"}],"about":[{"href":"https:\/\/www.santaritadopassaquatro.sp.gov.br\/portal\/wp-json\/wp\/v2\/types\/post"}],"author":[{"embeddable":true,"href":"https:\/\/www.santaritadopassaquatro.sp.gov.br\/portal\/wp-json\/wp\/v2\/users\/1"}],"replies":[{"embeddable":true,"href":"https:\/\/www.santaritadopassaquatro.sp.gov.br\/portal\/wp-json\/wp\/v2\/comments?post=7399"}],"version-history":[{"count":1,"href":"https:\/\/www.santaritadopassaquatro.sp.gov.br\/portal\/wp-json\/wp\/v2\/posts\/7399\/revisions"}],"predecessor-version":[{"id":7400,"href":"https:\/\/www.santaritadopassaquatro.sp.gov.br\/portal\/wp-json\/wp\/v2\/posts\/7399\/revisions\/7400"}],"wp:attachment":[{"href":"https:\/\/www.santaritadopassaquatro.sp.gov.br\/portal\/wp-json\/wp\/v2\/media?parent=7399"}],"wp:term":[{"taxonomy":"category","embeddable":true,"href":"https:\/\/www.santaritadopassaquatro.sp.gov.br\/portal\/wp-json\/wp\/v2\/categories?post=7399"},{"taxonomy":"post_tag","embeddable":true,"href":"https:\/\/www.santaritadopassaquatro.sp.gov.br\/portal\/wp-json\/wp\/v2\/tags?post=7399"}],"curies":[{"name":"wp","href":"https:\/\/api.w.org\/{rel}","templated":true}]}}