{"id":7433,"date":"2022-06-22T13:50:53","date_gmt":"2022-06-22T16:50:53","guid":{"rendered":"http:\/\/www.santaritadopassaquatro.sp.gov.br\/portal\/?p=7433"},"modified":"2022-08-12T13:51:56","modified_gmt":"2022-08-12T16:51:56","slug":"mutirao-de-combate-a-dengue-7","status":"publish","type":"post","link":"https:\/\/www.santaritadopassaquatro.sp.gov.br\/portal\/mutirao-de-combate-a-dengue-7\/","title":{"rendered":"MUTIR\u00c3O DE COMBATE \u00c0 DENGUE"},"content":{"rendered":"<p>No pr\u00f3ximo s\u00e1bado (25), a Prefeitura realizar\u00e1 o mutir\u00e3o de combate \u00e0 Dengue, a partir das 08h00, nos bairros, Jardim S\u00e3o Salvador e Vila Kennedy.<br \/>\nA equipe de controle de vetores, em parceria com o DSM, coletar\u00e1 materiais parados nas casas e verificar\u00e1 nas resid\u00eancias se h\u00e1 criadouros do mosquito.<br \/>\nPedimos a colabora\u00e7\u00e3o da popula\u00e7\u00e3o para podermos eliminar os focos da dengue em nosso munic\u00edpio.<\/p>\n<p>&nbsp;<\/p>\n<p>&nbsp;<\/p>\n","protected":false},"excerpt":{"rendered":"<p>No pr\u00f3ximo s\u00e1bado (25), a Prefeitura realizar\u00e1 o mutir\u00e3o de combate \u00e0 Dengue, a partir das 08h00, nos bairros, Jardim<\/p>\n","protected":false},"author":1,"featured_media":7434,"comment_status":"closed","ping_status":"open","sticky":false,"template":"","format":"standard","meta":{"footnotes":""},"categories":[58],"tags":[],"class_list":["post-7433","post","type-post","status-publish","format-standard","has-post-thumbnail","hentry","category-health"],"_links":{"self":[{"href":"https:\/\/www.santaritadopassaquatro.sp.gov.br\/portal\/wp-json\/wp\/v2\/posts\/7433","targetHints":{"allow":["GET"]}}],"collection":[{"href":"https:\/\/www.santaritadopassaquatro.sp.gov.br\/portal\/wp-json\/wp\/v2\/posts"}],"about":[{"href":"https:\/\/www.santaritadopassaquatro.sp.gov.br\/portal\/wp-json\/wp\/v2\/types\/post"}],"author":[{"embeddable":true,"href":"https:\/\/www.santaritadopassaquatro.sp.gov.br\/portal\/wp-json\/wp\/v2\/users\/1"}],"replies":[{"embeddable":true,"href":"https:\/\/www.santaritadopassaquatro.sp.gov.br\/portal\/wp-json\/wp\/v2\/comments?post=7433"}],"version-history":[{"count":1,"href":"https:\/\/www.santaritadopassaquatro.sp.gov.br\/portal\/wp-json\/wp\/v2\/posts\/7433\/revisions"}],"predecessor-version":[{"id":7435,"href":"https:\/\/www.santaritadopassaquatro.sp.gov.br\/portal\/wp-json\/wp\/v2\/posts\/7433\/revisions\/7435"}],"wp:featuredmedia":[{"embeddable":true,"href":"https:\/\/www.santaritadopassaquatro.sp.gov.br\/portal\/wp-json\/wp\/v2\/media\/7434"}],"wp:attachment":[{"href":"https:\/\/www.santaritadopassaquatro.sp.gov.br\/portal\/wp-json\/wp\/v2\/media?parent=7433"}],"wp:term":[{"taxonomy":"category","embeddable":true,"href":"https:\/\/www.santaritadopassaquatro.sp.gov.br\/portal\/wp-json\/wp\/v2\/categories?post=7433"},{"taxonomy":"post_tag","embeddable":true,"href":"https:\/\/www.santaritadopassaquatro.sp.gov.br\/portal\/wp-json\/wp\/v2\/tags?post=7433"}],"curies":[{"name":"wp","href":"https:\/\/api.w.org\/{rel}","templated":true}]}}