{"id":744,"date":"2019-02-15T14:35:40","date_gmt":"2019-02-15T16:35:40","guid":{"rendered":"http:\/\/www.santaritadopassaquatro.sp.gov.br\/portal\/?p=744"},"modified":"2019-02-15T14:35:40","modified_gmt":"2019-02-15T16:35:40","slug":"fim-de-semana-tem-mais-disputas-no-circuito-santarritense-de-volei-de-praia","status":"publish","type":"post","link":"https:\/\/www.santaritadopassaquatro.sp.gov.br\/portal\/fim-de-semana-tem-mais-disputas-no-circuito-santarritense-de-volei-de-praia\/","title":{"rendered":"Fim de semana tem mais disputas no Circuito Santarritense de V\u00f4lei de Praia"},"content":{"rendered":"<p><strong><em>Promovida pelo Departamento de Esportes competi\u00e7\u00e3o ser\u00e1 seletivas para os Jogos Regionais <\/em><\/strong><\/p>\n<p>&nbsp;<\/p>\n<p><img decoding=\"async\" class=\"alignnone  wp-image-745 alignleft\" src=\"http:\/\/www.santaritadopassaquatro.sp.gov.br\/portal\/wp-content\/uploads\/2019\/02\/WhatsApp-Image-2019-02-09-at-15.37.53-300x169.jpeg\" alt=\"\" width=\"323\" height=\"182\" srcset=\"https:\/\/www.santaritadopassaquatro.sp.gov.br\/portal\/wp-content\/uploads\/2019\/02\/WhatsApp-Image-2019-02-09-at-15.37.53-300x169.jpeg 300w, https:\/\/www.santaritadopassaquatro.sp.gov.br\/portal\/wp-content\/uploads\/2019\/02\/WhatsApp-Image-2019-02-09-at-15.37.53-768x432.jpeg 768w, https:\/\/www.santaritadopassaquatro.sp.gov.br\/portal\/wp-content\/uploads\/2019\/02\/WhatsApp-Image-2019-02-09-at-15.37.53-1024x576.jpeg 1024w, https:\/\/www.santaritadopassaquatro.sp.gov.br\/portal\/wp-content\/uploads\/2019\/02\/WhatsApp-Image-2019-02-09-at-15.37.53.jpeg 1040w\" sizes=\"(max-width: 323px) 100vw, 323px\" \/>Come\u00e7ou no \u00faltimo s\u00e1bado (9\/2), no Centro Ol\u00edmpico, o Circuito Santarritense de V\u00f4lei de Praia, promovido pelo Departamento Municipal de Esportes de Santa Rita do Passa Quatro. A competi\u00e7\u00e3o ser\u00e1 o Seletiva Para os Jogos Regionais 2019, nas seguintes categorias Sub 20 masculino e feminino (nascidos at\u00e9 o ano de 2009), Livre masculino e feminino e misto.<\/p>\n<p>O fim de semana ter\u00e1 mais 10 disputas, nas tr\u00eas categorias. Ser\u00e3o cinco jogos no s\u00e1bado e cinco no domingo, \u00e0 partir das 15 horas, no Centro Ol\u00edmpico.<\/p>\n<p>Na categoria masculina, s\u00e3o tr\u00eas grupos que jogam entre si dentro dos grupos onde o primeiro colocado de cada grupos disputam a final. No grupo A est\u00e3o as duplas Jo\u00e3o Lucas e Silvio, Klayver e Alan, Josu\u00e9 e Bruno e Andre e Cicero. O grupo B \u00e9 formado pelas duplas Lu\u00eds Eduardo e Leandro, Josimar e Guilherme, Lulu e Duda e Vitor Bat. e Lucas Buc. E no grupo C est\u00e3o as duplas Cristian Moino e Rafel Per\u00ed, Luis Felipe e Emanuel e \u00c1lvaro Ciscato e Gabriel.<\/p>\n<p>A categoria feminina \u00e9 formada por um grupo com quatro duplas que jogam entre si, os dois primeiros colocados disputam a final. S\u00e3o elas: J\u00e9ssica Lopes e Dri\u00e9ly, Diuly e Rosimeire, Grazieli e Borges e Awdrey e Man\u00fa.<\/p>\n<p>Na categoria mista s\u00e3o dois grupos com tr\u00eas duplas que jogam entre si dentro e os primeiros colocados de cada disputam a final. No grupo A est\u00e3o as duplas Cicero e Awdrey, Andre e Dri\u00e9ly e Cristian Moino e Carla. E no grupo B, as duplas Luis Eduardo e Diuly, Lulu e J\u00e9ssica Lopes e Klayver e Rafaela.<\/p>\n<p>&nbsp;<\/p>\n","protected":false},"excerpt":{"rendered":"<p>Promovida pelo Departamento de Esportes competi\u00e7\u00e3o ser\u00e1 seletivas para os Jogos Regionais &nbsp; Come\u00e7ou no \u00faltimo s\u00e1bado (9\/2), no Centro<\/p>\n","protected":false},"author":1,"featured_media":0,"comment_status":"closed","ping_status":"open","sticky":false,"template":"","format":"standard","meta":{"footnotes":""},"categories":[51],"tags":[],"class_list":["post-744","post","type-post","status-publish","format-standard","hentry","category-sports"],"_links":{"self":[{"href":"https:\/\/www.santaritadopassaquatro.sp.gov.br\/portal\/wp-json\/wp\/v2\/posts\/744","targetHints":{"allow":["GET"]}}],"collection":[{"href":"https:\/\/www.santaritadopassaquatro.sp.gov.br\/portal\/wp-json\/wp\/v2\/posts"}],"about":[{"href":"https:\/\/www.santaritadopassaquatro.sp.gov.br\/portal\/wp-json\/wp\/v2\/types\/post"}],"author":[{"embeddable":true,"href":"https:\/\/www.santaritadopassaquatro.sp.gov.br\/portal\/wp-json\/wp\/v2\/users\/1"}],"replies":[{"embeddable":true,"href":"https:\/\/www.santaritadopassaquatro.sp.gov.br\/portal\/wp-json\/wp\/v2\/comments?post=744"}],"version-history":[{"count":0,"href":"https:\/\/www.santaritadopassaquatro.sp.gov.br\/portal\/wp-json\/wp\/v2\/posts\/744\/revisions"}],"wp:attachment":[{"href":"https:\/\/www.santaritadopassaquatro.sp.gov.br\/portal\/wp-json\/wp\/v2\/media?parent=744"}],"wp:term":[{"taxonomy":"category","embeddable":true,"href":"https:\/\/www.santaritadopassaquatro.sp.gov.br\/portal\/wp-json\/wp\/v2\/categories?post=744"},{"taxonomy":"post_tag","embeddable":true,"href":"https:\/\/www.santaritadopassaquatro.sp.gov.br\/portal\/wp-json\/wp\/v2\/tags?post=744"}],"curies":[{"name":"wp","href":"https:\/\/api.w.org\/{rel}","templated":true}]}}