{"id":7468,"date":"2022-08-15T15:44:27","date_gmt":"2022-08-15T18:44:27","guid":{"rendered":"http:\/\/www.santaritadopassaquatro.sp.gov.br\/portal\/?p=7468"},"modified":"2022-08-15T15:44:27","modified_gmt":"2022-08-15T18:44:27","slug":"festival-de-pipas-no-dia-dos-pais-no-centro-olimpico-e-na-estrela","status":"publish","type":"post","link":"https:\/\/www.santaritadopassaquatro.sp.gov.br\/portal\/festival-de-pipas-no-dia-dos-pais-no-centro-olimpico-e-na-estrela\/","title":{"rendered":"FESTIVAL DE PIPAS NO DIA DOS PAIS NO CENTRO OL\u00cdMPICO E NA ESTRELA"},"content":{"rendered":"<p>O \u201cDia dos Pais\u201d em Santa Rita e no distrito de Santa Cruz da Estrela foi marcado por dezenas de pipas enfeitando o c\u00e9u. O Festival de Pipas 2022 trouxe dezenas de fam\u00edlias ao Centro Ol\u00edmpico e a Pra\u00e7a da Santa Cruz da Estrela, onde pais e filhos puderam desfrutar de uma manh\u00e3 agrad\u00e1vel empinando pipas.<\/p>\n<p>O Departamento de Turismo, Cultura, Esporte e Lazer disponibilizou aos mun\u00edcipes, pipas e entregou medalhas aos participantes, al\u00e9m de trof\u00e9us para o menor e maior pipa, al\u00e9m, do mais jovem e mais idoso participante do evento.<br \/>\nConfira os vencedores do torneio:<br \/>\nEstrela<br \/>\nMenor idade \u2013 Heitor Hariel dos Santos Souza<br \/>\nMaior idade \u2013 Rodrigo G\u00f3is<br \/>\nMenor pipa \u2013 Felipe Hans<br \/>\nMaior pipa &#8211; Vin\u00edcius Ara\u00fajo Mendes dos Santos<br \/>\nSanta Rita<br \/>\nMenor Idade \u2013 Raul Vicente Beppler Santiago<br \/>\nMaior idade \u2013 Jos\u00e9 Carlos Mendes<br \/>\nMenor Pipa \u2013 Tiago Correia<br \/>\nMaior Pipa \u2013 Gabriel F. da Silva<br \/>\nParab\u00e9ns a todos os participantes.<\/p>\n<p><img decoding=\"async\" class=\"aligncenter size-full wp-image-7469\" src=\"http:\/\/www.santaritadopassaquatro.sp.gov.br\/portal\/wp-content\/uploads\/2022\/08\/WhatsApp-Image-2022-08-15-at-15.32.53-1.jpeg\" alt=\"\" width=\"1200\" height=\"630\" \/> <img decoding=\"async\" class=\"aligncenter size-large wp-image-7470\" src=\"http:\/\/www.santaritadopassaquatro.sp.gov.br\/portal\/wp-content\/uploads\/2022\/08\/WhatsApp-Image-2022-08-15-at-15.32.53-2.jpeg\" alt=\"\" width=\"800\" height=\"420\" \/> <img decoding=\"async\" class=\"aligncenter size-large wp-image-7471\" src=\"http:\/\/www.santaritadopassaquatro.sp.gov.br\/portal\/wp-content\/uploads\/2022\/08\/WhatsApp-Image-2022-08-15-at-15.32.53-3.jpeg\" alt=\"\" width=\"800\" height=\"420\" \/> <img decoding=\"async\" class=\"aligncenter size-large wp-image-7472\" src=\"http:\/\/www.santaritadopassaquatro.sp.gov.br\/portal\/wp-content\/uploads\/2022\/08\/WhatsApp-Image-2022-08-15-at-15.32.53-4.jpeg\" alt=\"\" width=\"800\" height=\"420\" \/> <img decoding=\"async\" class=\"aligncenter size-large wp-image-7473\" src=\"http:\/\/www.santaritadopassaquatro.sp.gov.br\/portal\/wp-content\/uploads\/2022\/08\/WhatsApp-Image-2022-08-15-at-15.32.53-5.jpeg\" alt=\"\" width=\"800\" height=\"420\" \/> <img decoding=\"async\" class=\"aligncenter size-large wp-image-7474\" src=\"http:\/\/www.santaritadopassaquatro.sp.gov.br\/portal\/wp-content\/uploads\/2022\/08\/WhatsApp-Image-2022-08-15-at-15.32.53-6.jpeg\" alt=\"\" width=\"800\" height=\"420\" \/> <img decoding=\"async\" class=\"aligncenter size-large wp-image-7475\" src=\"http:\/\/www.santaritadopassaquatro.sp.gov.br\/portal\/wp-content\/uploads\/2022\/08\/WhatsApp-Image-2022-08-15-at-15.32.53-7.jpeg\" alt=\"\" width=\"800\" height=\"420\" \/> <img decoding=\"async\" class=\"aligncenter size-large wp-image-7476\" src=\"http:\/\/www.santaritadopassaquatro.sp.gov.br\/portal\/wp-content\/uploads\/2022\/08\/WhatsApp-Image-2022-08-15-at-15.32.53-8.jpeg\" alt=\"\" width=\"800\" height=\"420\" \/> <img decoding=\"async\" class=\"aligncenter size-large wp-image-7477\" src=\"http:\/\/www.santaritadopassaquatro.sp.gov.br\/portal\/wp-content\/uploads\/2022\/08\/WhatsApp-Image-2022-08-15-at-15.32.53-9.jpeg\" alt=\"\" width=\"800\" height=\"1000\" \/> <img decoding=\"async\" class=\"aligncenter size-large wp-image-7478\" src=\"http:\/\/www.santaritadopassaquatro.sp.gov.br\/portal\/wp-content\/uploads\/2022\/08\/WhatsApp-Image-2022-08-15-at-15.32.53-10.jpeg\" alt=\"\" width=\"800\" height=\"1000\" \/> <img decoding=\"async\" class=\"aligncenter size-large wp-image-7479\" src=\"http:\/\/www.santaritadopassaquatro.sp.gov.br\/portal\/wp-content\/uploads\/2022\/08\/WhatsApp-Image-2022-08-15-at-15.32.53-11.jpeg\" alt=\"\" width=\"800\" height=\"1000\" \/> <img decoding=\"async\" class=\"aligncenter size-large wp-image-7480\" src=\"http:\/\/www.santaritadopassaquatro.sp.gov.br\/portal\/wp-content\/uploads\/2022\/08\/WhatsApp-Image-2022-08-15-at-15.32.53-12.jpeg\" alt=\"\" width=\"800\" height=\"1000\" \/> <img decoding=\"async\" class=\"aligncenter size-large wp-image-7481\" src=\"http:\/\/www.santaritadopassaquatro.sp.gov.br\/portal\/wp-content\/uploads\/2022\/08\/WhatsApp-Image-2022-08-15-at-15.32.53-13.jpeg\" alt=\"\" width=\"800\" height=\"1000\" \/> <img decoding=\"async\" class=\"aligncenter size-large wp-image-7482\" src=\"http:\/\/www.santaritadopassaquatro.sp.gov.br\/portal\/wp-content\/uploads\/2022\/08\/WhatsApp-Image-2022-08-15-at-15.32.53-14.jpeg\" alt=\"\" width=\"800\" height=\"1000\" \/> <img decoding=\"async\" class=\"aligncenter size-large wp-image-7483\" src=\"http:\/\/www.santaritadopassaquatro.sp.gov.br\/portal\/wp-content\/uploads\/2022\/08\/WhatsApp-Image-2022-08-15-at-15.32.53-15.jpeg\" alt=\"\" width=\"800\" height=\"1000\" \/> <img decoding=\"async\" class=\"aligncenter size-large wp-image-7484\" src=\"http:\/\/www.santaritadopassaquatro.sp.gov.br\/portal\/wp-content\/uploads\/2022\/08\/WhatsApp-Image-2022-08-15-at-15.32.53-16.jpeg\" alt=\"\" width=\"800\" height=\"1000\" \/> <img decoding=\"async\" class=\"aligncenter size-large wp-image-7485\" src=\"http:\/\/www.santaritadopassaquatro.sp.gov.br\/portal\/wp-content\/uploads\/2022\/08\/WhatsApp-Image-2022-08-15-at-15.32.53.jpeg\" alt=\"\" width=\"800\" height=\"420\" \/><\/p>\n","protected":false},"excerpt":{"rendered":"<p>O \u201cDia dos Pais\u201d em Santa Rita e no distrito de Santa Cruz da Estrela foi marcado por dezenas de<\/p>\n","protected":false},"author":1,"featured_media":7470,"comment_status":"closed","ping_status":"open","sticky":false,"template":"","format":"standard","meta":{"footnotes":""},"categories":[46,51,60],"tags":[],"class_list":["post-7468","post","type-post","status-publish","format-standard","has-post-thumbnail","hentry","category-cultura","category-sports","category-turismo"],"_links":{"self":[{"href":"https:\/\/www.santaritadopassaquatro.sp.gov.br\/portal\/wp-json\/wp\/v2\/posts\/7468","targetHints":{"allow":["GET"]}}],"collection":[{"href":"https:\/\/www.santaritadopassaquatro.sp.gov.br\/portal\/wp-json\/wp\/v2\/posts"}],"about":[{"href":"https:\/\/www.santaritadopassaquatro.sp.gov.br\/portal\/wp-json\/wp\/v2\/types\/post"}],"author":[{"embeddable":true,"href":"https:\/\/www.santaritadopassaquatro.sp.gov.br\/portal\/wp-json\/wp\/v2\/users\/1"}],"replies":[{"embeddable":true,"href":"https:\/\/www.santaritadopassaquatro.sp.gov.br\/portal\/wp-json\/wp\/v2\/comments?post=7468"}],"version-history":[{"count":1,"href":"https:\/\/www.santaritadopassaquatro.sp.gov.br\/portal\/wp-json\/wp\/v2\/posts\/7468\/revisions"}],"predecessor-version":[{"id":7486,"href":"https:\/\/www.santaritadopassaquatro.sp.gov.br\/portal\/wp-json\/wp\/v2\/posts\/7468\/revisions\/7486"}],"wp:featuredmedia":[{"embeddable":true,"href":"https:\/\/www.santaritadopassaquatro.sp.gov.br\/portal\/wp-json\/wp\/v2\/media\/7470"}],"wp:attachment":[{"href":"https:\/\/www.santaritadopassaquatro.sp.gov.br\/portal\/wp-json\/wp\/v2\/media?parent=7468"}],"wp:term":[{"taxonomy":"category","embeddable":true,"href":"https:\/\/www.santaritadopassaquatro.sp.gov.br\/portal\/wp-json\/wp\/v2\/categories?post=7468"},{"taxonomy":"post_tag","embeddable":true,"href":"https:\/\/www.santaritadopassaquatro.sp.gov.br\/portal\/wp-json\/wp\/v2\/tags?post=7468"}],"curies":[{"name":"wp","href":"https:\/\/api.w.org\/{rel}","templated":true}]}}