{"id":749,"date":"2019-02-15T14:40:15","date_gmt":"2019-02-15T16:40:15","guid":{"rendered":"http:\/\/www.santaritadopassaquatro.sp.gov.br\/portal\/?p=749"},"modified":"2019-02-15T14:40:15","modified_gmt":"2019-02-15T16:40:15","slug":"carnaval-2019-santacarnafolia-resgata-magia-das-marchinhas","status":"publish","type":"post","link":"https:\/\/www.santaritadopassaquatro.sp.gov.br\/portal\/carnaval-2019-santacarnafolia-resgata-magia-das-marchinhas\/","title":{"rendered":"CARNAVAL 2019 &#8211;\u00a0Santacarnafolia resgata magia das marchinhas"},"content":{"rendered":"<p><strong><em>Promovido pelo Departamento Municipal de Turismo, evento acontece de 2 a 5 de mar\u00e7o, na pra\u00e7a Poeta Mario Mattoso <\/em><\/strong><\/p>\n<p>&nbsp;<\/p>\n<figure id=\"attachment_750\" aria-describedby=\"caption-attachment-750\" style=\"width: 300px\" class=\"wp-caption alignleft\"><img decoding=\"async\" class=\"wp-image-750 size-medium\" src=\"http:\/\/www.santaritadopassaquatro.sp.gov.br\/portal\/wp-content\/uploads\/2019\/02\/carnaval2018_publico_banda_w-300x199.jpg\" alt=\"\" width=\"300\" height=\"199\" srcset=\"https:\/\/www.santaritadopassaquatro.sp.gov.br\/portal\/wp-content\/uploads\/2019\/02\/carnaval2018_publico_banda_w-300x199.jpg 300w, https:\/\/www.santaritadopassaquatro.sp.gov.br\/portal\/wp-content\/uploads\/2019\/02\/carnaval2018_publico_banda_w-768x510.jpg 768w, https:\/\/www.santaritadopassaquatro.sp.gov.br\/portal\/wp-content\/uploads\/2019\/02\/carnaval2018_publico_banda_w.jpg 963w\" sizes=\"(max-width: 300px) 100vw, 300px\" \/><figcaption id=\"caption-attachment-750\" class=\"wp-caption-text\"><span style=\"font-size: 8pt; color: #808080;\"><em>A magia das marchinhas e os maiores sucessos do carnaval brasileiro estar\u00e3o na programa\u00e7\u00e3o do Santacarnafolia 2019 \u00a0(Arquivo\/AssCom\/Divulga\u00e7\u00e3o)<\/em><\/span><\/figcaption><\/figure>\n<p>Faltam poucos dias para mais um Carnaval e a folia em Santa Rita do Passa Quatro \u00e9 sempre uma atra\u00e7\u00e3o das mais procuradas por foli\u00f5es da cidade e regi\u00e3o. Promovido pela Prefeitura Municipal, atrav\u00e9s do Departamento de Cultura e Turismo, o Santacarnafolia 2019, al\u00e9m de conforto e seguran\u00e7a, oferece uma volta ao passado, com a magia das antigas marchinhas.<\/p>\n<p>A anima\u00e7\u00e3o ser\u00e1 da banda Canossiasom e m\u00fasicos convidados, que v\u00e3o tocar ao vivo todo um repert\u00f3rio que inclui, al\u00e9m das marchinhas, m\u00fasicas infantis, nas primeiras horas da festa. Depois, a banda ir\u00e1 apresentar as novidades do ano e os diversos estilos musicais que animam os carnavais em todo Brasil.<\/p>\n<p>Com entrada gratuita, o Santacarnafolia 2019 ir\u00e1 come\u00e7ar todos os dias \u00e0 partir das 17 horas, com t\u00e9rmino previsto para \u00e0s 23 horas, no s\u00e1bado, domingo e segunda-feira, e \u00e0s 22 horas, na ter\u00e7a-feira.<\/p>\n<p>&nbsp;<\/p>\n<p><strong>TURISMO<\/strong><\/p>\n<p><img decoding=\"async\" class=\"alignnone size-medium wp-image-751 alignright\" src=\"http:\/\/www.santaritadopassaquatro.sp.gov.br\/portal\/wp-content\/uploads\/2019\/02\/carnaval2018_publico_w-300x199.jpg\" alt=\"\" width=\"300\" height=\"199\" srcset=\"https:\/\/www.santaritadopassaquatro.sp.gov.br\/portal\/wp-content\/uploads\/2019\/02\/carnaval2018_publico_w-300x199.jpg 300w, https:\/\/www.santaritadopassaquatro.sp.gov.br\/portal\/wp-content\/uploads\/2019\/02\/carnaval2018_publico_w-768x510.jpg 768w, https:\/\/www.santaritadopassaquatro.sp.gov.br\/portal\/wp-content\/uploads\/2019\/02\/carnaval2018_publico_w.jpg 963w\" sizes=\"(max-width: 300px) 100vw, 300px\" \/>Unindo conforto e seguran\u00e7a, o Santacarnafolia 2019 tem expectativa de atrair muitos turistas para Est\u00e2ncia, que v\u00eam em busca da magia dos antigos carnavais, com conforto e seguran\u00e7a para a fam\u00edlias.<\/p>\n<p>Al\u00e9m de controle de acesso e c\u00e2meras de monitoramento, a pra\u00e7a ir\u00e1 contar com o Espa\u00e7o Kids, reservado para as crian\u00e7as, inclusive com frald\u00e1rio, para as mam\u00e3es cuidarem dos filhos com muita tranquilidade.<\/p>\n<p>Para o Setor de Turismo, al\u00e9m de oferecer entretenimento gratuito \u00e0 popula\u00e7\u00e3o, tamb\u00e9m estimula toda a cadeia produtiva do turismo, j\u00e1 que o evento, ao longo dos anos vem ganhando destaque em toda a regi\u00e3o, colaborando com o desenvolvimento econ\u00f4mico do munic\u00edpio.<\/p>\n<p>Toda a programa\u00e7\u00e3o acontece com participa\u00e7\u00e3o da feira do Turismo, em uma completa pra\u00e7a de alimenta\u00e7\u00e3o. A Pol\u00edcia Militar ir\u00e1 atuar com seu efetivo no aux\u00edlio \u00e0 seguran\u00e7a, dentro do programa Atividade Delegada.<\/p>\n<p>&nbsp;<\/p>\n<p><strong>INICIATIVA PRIVADA<\/strong><\/p>\n<p>De acordo como Departamento Municipal de Turismo, a programa\u00e7\u00e3o do Santacarnafolia 2019 busca estar em sintonia com a realiza\u00e7\u00e3o de eventos pela iniciativa privada, com objetivo de criar mais op\u00e7\u00f5es para a popula\u00e7\u00e3o e turistas. O evento #De Volta Atr\u00e1s do Trio oferece op\u00e7\u00f5es como trio el\u00e9trico, baile de m\u00e1scaras e blocos, com cobran\u00e7a de ingressos e parte da renda revertida \u00e0 Santa Casa local.<\/p>\n<p>&nbsp;<\/p>\n<p>&nbsp;<\/p>\n<p>&nbsp;<\/p>\n<p>&nbsp;<\/p>\n<p>&nbsp;<\/p>\n<p>&nbsp;<\/p>\n","protected":false},"excerpt":{"rendered":"<p>Promovido pelo Departamento Municipal de Turismo, evento acontece de 2 a 5 de mar\u00e7o, na pra\u00e7a Poeta Mario Mattoso &nbsp;<\/p>\n","protected":false},"author":1,"featured_media":750,"comment_status":"closed","ping_status":"open","sticky":false,"template":"","format":"standard","meta":{"footnotes":""},"categories":[46,48,60],"tags":[],"class_list":["post-749","post","type-post","status-publish","format-standard","has-post-thumbnail","hentry","category-cultura","category-featured","category-turismo"],"_links":{"self":[{"href":"https:\/\/www.santaritadopassaquatro.sp.gov.br\/portal\/wp-json\/wp\/v2\/posts\/749","targetHints":{"allow":["GET"]}}],"collection":[{"href":"https:\/\/www.santaritadopassaquatro.sp.gov.br\/portal\/wp-json\/wp\/v2\/posts"}],"about":[{"href":"https:\/\/www.santaritadopassaquatro.sp.gov.br\/portal\/wp-json\/wp\/v2\/types\/post"}],"author":[{"embeddable":true,"href":"https:\/\/www.santaritadopassaquatro.sp.gov.br\/portal\/wp-json\/wp\/v2\/users\/1"}],"replies":[{"embeddable":true,"href":"https:\/\/www.santaritadopassaquatro.sp.gov.br\/portal\/wp-json\/wp\/v2\/comments?post=749"}],"version-history":[{"count":0,"href":"https:\/\/www.santaritadopassaquatro.sp.gov.br\/portal\/wp-json\/wp\/v2\/posts\/749\/revisions"}],"wp:featuredmedia":[{"embeddable":true,"href":"https:\/\/www.santaritadopassaquatro.sp.gov.br\/portal\/wp-json\/wp\/v2\/media\/750"}],"wp:attachment":[{"href":"https:\/\/www.santaritadopassaquatro.sp.gov.br\/portal\/wp-json\/wp\/v2\/media?parent=749"}],"wp:term":[{"taxonomy":"category","embeddable":true,"href":"https:\/\/www.santaritadopassaquatro.sp.gov.br\/portal\/wp-json\/wp\/v2\/categories?post=749"},{"taxonomy":"post_tag","embeddable":true,"href":"https:\/\/www.santaritadopassaquatro.sp.gov.br\/portal\/wp-json\/wp\/v2\/tags?post=749"}],"curies":[{"name":"wp","href":"https:\/\/api.w.org\/{rel}","templated":true}]}}