{"id":7522,"date":"2022-08-17T14:31:36","date_gmt":"2022-08-17T17:31:36","guid":{"rendered":"http:\/\/www.santaritadopassaquatro.sp.gov.br\/portal\/?p=7522"},"modified":"2022-08-17T14:31:36","modified_gmt":"2022-08-17T17:31:36","slug":"sabado-2008-dia-d-campanha-de-vacinacao-contra-a-poliomelite-e-multivacinacao","status":"publish","type":"post","link":"https:\/\/www.santaritadopassaquatro.sp.gov.br\/portal\/sabado-2008-dia-d-campanha-de-vacinacao-contra-a-poliomelite-e-multivacinacao\/","title":{"rendered":"S\u00c1BADO 20\/08 &#8211; DIA D &#8211; CAMPANHA DE VACINA\u00c7\u00c3O CONTRA A POLIOMELITE E MULTIVACINA\u00c7\u00c3O"},"content":{"rendered":"<p>No pr\u00f3ximo s\u00e1bado dia 20\/08, acontecer\u00e1 o dia \u201cD\u201d da Campanha Nacional de Vacina\u00e7\u00e3o contra a poliomielite (para crian\u00e7as menores de cinco anos) e Multivacina\u00e7\u00e3o para Atualiza\u00e7\u00e3o da Caderneta de Vacina\u00e7\u00e3o (menores de 15 anos de idade).<br \/>\nA a\u00e7\u00e3o ser\u00e1 nos postos de sa\u00fade CSII (pr\u00f3ximo a Santa Casa), CAIC, das 08h \u00e0s 16h, e no PSF da Estrela, das 08h30 \u00e0s 15h00.<\/p>\n","protected":false},"excerpt":{"rendered":"<p>No pr\u00f3ximo s\u00e1bado dia 20\/08, acontecer\u00e1 o dia \u201cD\u201d da Campanha Nacional de Vacina\u00e7\u00e3o contra a poliomielite (para crian\u00e7as menores<\/p>\n","protected":false},"author":1,"featured_media":7523,"comment_status":"closed","ping_status":"open","sticky":false,"template":"","format":"standard","meta":{"footnotes":""},"categories":[48,58],"tags":[],"class_list":["post-7522","post","type-post","status-publish","format-standard","has-post-thumbnail","hentry","category-featured","category-health"],"_links":{"self":[{"href":"https:\/\/www.santaritadopassaquatro.sp.gov.br\/portal\/wp-json\/wp\/v2\/posts\/7522","targetHints":{"allow":["GET"]}}],"collection":[{"href":"https:\/\/www.santaritadopassaquatro.sp.gov.br\/portal\/wp-json\/wp\/v2\/posts"}],"about":[{"href":"https:\/\/www.santaritadopassaquatro.sp.gov.br\/portal\/wp-json\/wp\/v2\/types\/post"}],"author":[{"embeddable":true,"href":"https:\/\/www.santaritadopassaquatro.sp.gov.br\/portal\/wp-json\/wp\/v2\/users\/1"}],"replies":[{"embeddable":true,"href":"https:\/\/www.santaritadopassaquatro.sp.gov.br\/portal\/wp-json\/wp\/v2\/comments?post=7522"}],"version-history":[{"count":1,"href":"https:\/\/www.santaritadopassaquatro.sp.gov.br\/portal\/wp-json\/wp\/v2\/posts\/7522\/revisions"}],"predecessor-version":[{"id":7524,"href":"https:\/\/www.santaritadopassaquatro.sp.gov.br\/portal\/wp-json\/wp\/v2\/posts\/7522\/revisions\/7524"}],"wp:featuredmedia":[{"embeddable":true,"href":"https:\/\/www.santaritadopassaquatro.sp.gov.br\/portal\/wp-json\/wp\/v2\/media\/7523"}],"wp:attachment":[{"href":"https:\/\/www.santaritadopassaquatro.sp.gov.br\/portal\/wp-json\/wp\/v2\/media?parent=7522"}],"wp:term":[{"taxonomy":"category","embeddable":true,"href":"https:\/\/www.santaritadopassaquatro.sp.gov.br\/portal\/wp-json\/wp\/v2\/categories?post=7522"},{"taxonomy":"post_tag","embeddable":true,"href":"https:\/\/www.santaritadopassaquatro.sp.gov.br\/portal\/wp-json\/wp\/v2\/tags?post=7522"}],"curies":[{"name":"wp","href":"https:\/\/api.w.org\/{rel}","templated":true}]}}