{"id":7530,"date":"2022-07-13T14:41:31","date_gmt":"2022-07-13T17:41:31","guid":{"rendered":"http:\/\/www.santaritadopassaquatro.sp.gov.br\/portal\/?p=7530"},"modified":"2022-08-17T14:42:03","modified_gmt":"2022-08-17T17:42:03","slug":"departamentos-de-saude-e-educacao-preparam-profissionais-da-educacao-para-atendimento-de-primeiros-socorros-2","status":"publish","type":"post","link":"https:\/\/www.santaritadopassaquatro.sp.gov.br\/portal\/departamentos-de-saude-e-educacao-preparam-profissionais-da-educacao-para-atendimento-de-primeiros-socorros-2\/","title":{"rendered":"DEPARTAMENTOS DE SA\u00daDE E EDUCA\u00c7\u00c3O PREPARAM PROFISSIONAIS DA EDUCA\u00c7\u00c3O PARA ATENDIMENTO DE PRIMEIROS SOCORROS"},"content":{"rendered":"<p>No \u00faltimo s\u00e1bado (09), os departamentos de Educa\u00e7\u00e3o e Sa\u00fade realizaram o Curso de primeiros socorros, ministrado pelo SAMU, cumprindo a Lei Lucas (13722\/18). Os socorristas do SAMU Leia, Cl\u00e1udio, Rodrigo e Fl\u00e1vio, iniciaram, com excel\u00eancia, envolvendo os profissionais de duas creches o Curso de Atualiza\u00e7\u00e3o de Primeiros Socorros, conforme a Lei Lucas, que capacita professores e funcion\u00e1rios de ensino a terem no\u00e7\u00f5es b\u00e1sicas de primeiros socorros, sendo capaz de identificar, agir preventivamente e atender a v\u00edtima em situa\u00e7\u00e3o de emerg\u00eancia.<br \/>\nNossos profissionais estar\u00e3o preparados para reconhecer sinais e sintomas, chamar o servi\u00e7o de emerg\u00eancia adequado e realizar a\u00e7\u00f5es simples para a preserva\u00e7\u00e3o e valoriza\u00e7\u00e3o da vida de nossas crian\u00e7as.<br \/>\nO curso ter\u00e1 novos encontros e contemplar\u00e1 as redes municipal e privada de ensino de nosso munic\u00edpio.<\/p>\n<p>&nbsp;<\/p>\n","protected":false},"excerpt":{"rendered":"<p>No \u00faltimo s\u00e1bado (09), os departamentos de Educa\u00e7\u00e3o e Sa\u00fade realizaram o Curso de primeiros socorros, ministrado pelo SAMU, cumprindo<\/p>\n","protected":false},"author":1,"featured_media":0,"comment_status":"closed","ping_status":"open","sticky":false,"template":"","format":"standard","meta":{"footnotes":""},"categories":[28],"tags":[],"class_list":["post-7530","post","type-post","status-publish","format-standard","hentry","category-educacao"],"_links":{"self":[{"href":"https:\/\/www.santaritadopassaquatro.sp.gov.br\/portal\/wp-json\/wp\/v2\/posts\/7530","targetHints":{"allow":["GET"]}}],"collection":[{"href":"https:\/\/www.santaritadopassaquatro.sp.gov.br\/portal\/wp-json\/wp\/v2\/posts"}],"about":[{"href":"https:\/\/www.santaritadopassaquatro.sp.gov.br\/portal\/wp-json\/wp\/v2\/types\/post"}],"author":[{"embeddable":true,"href":"https:\/\/www.santaritadopassaquatro.sp.gov.br\/portal\/wp-json\/wp\/v2\/users\/1"}],"replies":[{"embeddable":true,"href":"https:\/\/www.santaritadopassaquatro.sp.gov.br\/portal\/wp-json\/wp\/v2\/comments?post=7530"}],"version-history":[{"count":1,"href":"https:\/\/www.santaritadopassaquatro.sp.gov.br\/portal\/wp-json\/wp\/v2\/posts\/7530\/revisions"}],"predecessor-version":[{"id":7531,"href":"https:\/\/www.santaritadopassaquatro.sp.gov.br\/portal\/wp-json\/wp\/v2\/posts\/7530\/revisions\/7531"}],"wp:attachment":[{"href":"https:\/\/www.santaritadopassaquatro.sp.gov.br\/portal\/wp-json\/wp\/v2\/media?parent=7530"}],"wp:term":[{"taxonomy":"category","embeddable":true,"href":"https:\/\/www.santaritadopassaquatro.sp.gov.br\/portal\/wp-json\/wp\/v2\/categories?post=7530"},{"taxonomy":"post_tag","embeddable":true,"href":"https:\/\/www.santaritadopassaquatro.sp.gov.br\/portal\/wp-json\/wp\/v2\/tags?post=7530"}],"curies":[{"name":"wp","href":"https:\/\/api.w.org\/{rel}","templated":true}]}}