{"id":7539,"date":"2022-07-26T14:44:29","date_gmt":"2022-07-26T17:44:29","guid":{"rendered":"http:\/\/www.santaritadopassaquatro.sp.gov.br\/portal\/?p=7539"},"modified":"2022-08-17T14:46:09","modified_gmt":"2022-08-17T17:46:09","slug":"campanha-de-vacinacao-contra-a-raiva-sera-neste-domingo-2","status":"publish","type":"post","link":"https:\/\/www.santaritadopassaquatro.sp.gov.br\/portal\/campanha-de-vacinacao-contra-a-raiva-sera-neste-domingo-2\/","title":{"rendered":"CAMPANHA DE VACINA\u00c7\u00c3O CONTRA A RAIVA SER\u00c1 NESTE DOMINGO"},"content":{"rendered":"<div class=\"cxmmr5t8 oygrvhab hcukyx3x c1et5uql o9v6fnle ii04i59q\">\n<div dir=\"auto\">Domingo (31) teremos Campanha de Vacina\u00e7\u00e3o Contra Raiva.<\/div>\n<\/div>\n<div class=\"cxmmr5t8 oygrvhab hcukyx3x c1et5uql o9v6fnle ii04i59q\">\n<div dir=\"auto\">A vacina\u00e7\u00e3o acontecer\u00e1 na Pra\u00e7a Juliana Rozante (Pra\u00e7a do Skate) das 09h \u00e0s 16h.<\/div>\n<\/div>\n<div class=\"cxmmr5t8 oygrvhab hcukyx3x c1et5uql o9v6fnle ii04i59q\">\n<div dir=\"auto\">Por determina\u00e7\u00e3o da Diretoria Regional de Sa\u00fade &#8211; DRS &#8211; n\u00e3o \u00e9 permitido que o mun\u00edcipe leve a dose para vacina\u00e7\u00e3o em casa.<\/div>\n<\/div>\n<div class=\"cxmmr5t8 oygrvhab hcukyx3x c1et5uql o9v6fnle ii04i59q\">\n<div dir=\"auto\">A vacina antirr\u00e1bica \u00e9 ainda a \u00fanica forma de prevenir a enfermidade e manter os pets saud\u00e1veis. Fatal em quase 100% dos casos, a raiva \u00e9 uma zoonose que pode tamb\u00e9m afetar o ser humano por isso os cuidados se redobram no combate e preven\u00e7\u00e3o<\/div>\n<\/div>\n<div class=\"cxmmr5t8 oygrvhab hcukyx3x c1et5uql o9v6fnle ii04i59q\">\n<div dir=\"auto\"><a class=\"oajrlxb2 g5ia77u1 qu0x051f esr5mh6w e9989ue4 r7d6kgcz rq0escxv nhd2j8a9 nc684nl6 p7hjln8o kvgmc6g5 cxmmr5t8 oygrvhab hcukyx3x jb3vyjys rz4wbd8a qt6c0cv9 a8nywdso i1ao9s8h esuyzwwr f1sip0of lzcic4wl gpro0wi8 q66pz984 b1v8xokw\" tabindex=\"0\" role=\"link\" href=\"https:\/\/www.facebook.com\/hashtag\/antirr%C3%A1bica?__eep__=6&amp;__cft__[0]=AZWOsrIV60IrrsNEUhZv-e_Ba-qMaEUOGiSUFi5wR4QgtQOhgUjSiSAdX-Fhv-zUdamjA-RW1xX9ti5zBgr60De3SkTdRbEnfRayWTOGxCfGie9Prxz-prB_zgJZ-Tz1Nqy010USdO0cfDJ9wwNlLdir&amp;__tn__=*NK-R\">#antirr\u00e1bica<\/a> <a class=\"oajrlxb2 g5ia77u1 qu0x051f esr5mh6w e9989ue4 r7d6kgcz rq0escxv nhd2j8a9 nc684nl6 p7hjln8o kvgmc6g5 cxmmr5t8 oygrvhab hcukyx3x jb3vyjys rz4wbd8a qt6c0cv9 a8nywdso i1ao9s8h esuyzwwr f1sip0of lzcic4wl gpro0wi8 q66pz984 b1v8xokw\" tabindex=\"0\" role=\"link\" href=\"https:\/\/www.facebook.com\/hashtag\/santarita?__eep__=6&amp;__cft__[0]=AZWOsrIV60IrrsNEUhZv-e_Ba-qMaEUOGiSUFi5wR4QgtQOhgUjSiSAdX-Fhv-zUdamjA-RW1xX9ti5zBgr60De3SkTdRbEnfRayWTOGxCfGie9Prxz-prB_zgJZ-Tz1Nqy010USdO0cfDJ9wwNlLdir&amp;__tn__=*NK-R\">#santarita<\/a><\/div>\n<\/div>\n","protected":false},"excerpt":{"rendered":"<p>Domingo (31) teremos Campanha de Vacina\u00e7\u00e3o Contra Raiva. A vacina\u00e7\u00e3o acontecer\u00e1 na Pra\u00e7a Juliana Rozante (Pra\u00e7a do Skate) das 09h<\/p>\n","protected":false},"author":1,"featured_media":7540,"comment_status":"closed","ping_status":"open","sticky":false,"template":"","format":"standard","meta":{"footnotes":""},"categories":[58],"tags":[],"class_list":["post-7539","post","type-post","status-publish","format-standard","has-post-thumbnail","hentry","category-health"],"_links":{"self":[{"href":"https:\/\/www.santaritadopassaquatro.sp.gov.br\/portal\/wp-json\/wp\/v2\/posts\/7539","targetHints":{"allow":["GET"]}}],"collection":[{"href":"https:\/\/www.santaritadopassaquatro.sp.gov.br\/portal\/wp-json\/wp\/v2\/posts"}],"about":[{"href":"https:\/\/www.santaritadopassaquatro.sp.gov.br\/portal\/wp-json\/wp\/v2\/types\/post"}],"author":[{"embeddable":true,"href":"https:\/\/www.santaritadopassaquatro.sp.gov.br\/portal\/wp-json\/wp\/v2\/users\/1"}],"replies":[{"embeddable":true,"href":"https:\/\/www.santaritadopassaquatro.sp.gov.br\/portal\/wp-json\/wp\/v2\/comments?post=7539"}],"version-history":[{"count":1,"href":"https:\/\/www.santaritadopassaquatro.sp.gov.br\/portal\/wp-json\/wp\/v2\/posts\/7539\/revisions"}],"predecessor-version":[{"id":7541,"href":"https:\/\/www.santaritadopassaquatro.sp.gov.br\/portal\/wp-json\/wp\/v2\/posts\/7539\/revisions\/7541"}],"wp:featuredmedia":[{"embeddable":true,"href":"https:\/\/www.santaritadopassaquatro.sp.gov.br\/portal\/wp-json\/wp\/v2\/media\/7540"}],"wp:attachment":[{"href":"https:\/\/www.santaritadopassaquatro.sp.gov.br\/portal\/wp-json\/wp\/v2\/media?parent=7539"}],"wp:term":[{"taxonomy":"category","embeddable":true,"href":"https:\/\/www.santaritadopassaquatro.sp.gov.br\/portal\/wp-json\/wp\/v2\/categories?post=7539"},{"taxonomy":"post_tag","embeddable":true,"href":"https:\/\/www.santaritadopassaquatro.sp.gov.br\/portal\/wp-json\/wp\/v2\/tags?post=7539"}],"curies":[{"name":"wp","href":"https:\/\/api.w.org\/{rel}","templated":true}]}}