{"id":7545,"date":"2022-07-26T14:47:14","date_gmt":"2022-07-26T17:47:14","guid":{"rendered":"http:\/\/www.santaritadopassaquatro.sp.gov.br\/portal\/?p=7545"},"modified":"2022-08-17T14:48:05","modified_gmt":"2022-08-17T17:48:05","slug":"recursos-do-carnaval-cancelado-foram-utilizados-para-compra-de-uma-ambulancia","status":"publish","type":"post","link":"https:\/\/www.santaritadopassaquatro.sp.gov.br\/portal\/recursos-do-carnaval-cancelado-foram-utilizados-para-compra-de-uma-ambulancia\/","title":{"rendered":"RECURSOS DO CARNAVAL CANCELADO FORAM UTILIZADOS PARA COMPRA DE UMA AMBUL\u00c2NCIA"},"content":{"rendered":"<p>Em2022, o Carnaval n\u00e3o p\u00f4de ser realizado em Santa Rita, assim como na maioria das cidades do Estado de S\u00e3o Paulo, devido \u00e0 Pandemia.<br \/>\nEm novembro de 2021, o prefeito Marcelo Sim\u00e3o, ao anunciar o cancelamento do carnaval, determinou que os recursos que seriam investidos na festa, fossem direcionados para a aquisi\u00e7\u00e3o de mais uma ambul\u00e2ncia para o atendimento \u00e0 popula\u00e7\u00e3o. Este ve\u00edculo chegou nesta ter\u00e7a-feira (26).<br \/>\nEntre 2021 e 2022, atrav\u00e9s de um amplo programa de renova\u00e7\u00e3o da frota santa-ritense, 21 ve\u00edculos novos chegaram no munic\u00edpio, por recursos pr\u00f3prios, atrav\u00e9s do Governo do Estado de S\u00e3o Paulo ou por interm\u00e9dio de deputados parceiros da cidade, como Baleia Rossi, Roquinho Barbiere, L\u00e9o Oliveira, Vanderlei Macris, Ricardo Silva, Rafael Silva ou Itamar Borges.<br \/>\nS\u00e3o 7 novas ambul\u00e2ncias, 2 caminh\u00f5es-pipas, 2 ve\u00edculos para a assist\u00eancia social, 2 viaturas da Patrulha Rural, 2 caminhonetes da Defesa Civil, 2 \u00f4nibus escolares, 1 ve\u00edculo para o PSF S\u00e3o Luiz, 1 Van, 1 p\u00e1-carregadeira e 1 trator com implementos.<\/p>\n<p>&nbsp;<\/p>\n","protected":false},"excerpt":{"rendered":"<p>Em2022, o Carnaval n\u00e3o p\u00f4de ser realizado em Santa Rita, assim como na maioria das cidades do Estado de S\u00e3o<\/p>\n","protected":false},"author":1,"featured_media":0,"comment_status":"closed","ping_status":"open","sticky":false,"template":"","format":"standard","meta":{"footnotes":""},"categories":[47],"tags":[],"class_list":["post-7545","post","type-post","status-publish","format-standard","hentry","category-desenvovimento"],"_links":{"self":[{"href":"https:\/\/www.santaritadopassaquatro.sp.gov.br\/portal\/wp-json\/wp\/v2\/posts\/7545","targetHints":{"allow":["GET"]}}],"collection":[{"href":"https:\/\/www.santaritadopassaquatro.sp.gov.br\/portal\/wp-json\/wp\/v2\/posts"}],"about":[{"href":"https:\/\/www.santaritadopassaquatro.sp.gov.br\/portal\/wp-json\/wp\/v2\/types\/post"}],"author":[{"embeddable":true,"href":"https:\/\/www.santaritadopassaquatro.sp.gov.br\/portal\/wp-json\/wp\/v2\/users\/1"}],"replies":[{"embeddable":true,"href":"https:\/\/www.santaritadopassaquatro.sp.gov.br\/portal\/wp-json\/wp\/v2\/comments?post=7545"}],"version-history":[{"count":1,"href":"https:\/\/www.santaritadopassaquatro.sp.gov.br\/portal\/wp-json\/wp\/v2\/posts\/7545\/revisions"}],"predecessor-version":[{"id":7546,"href":"https:\/\/www.santaritadopassaquatro.sp.gov.br\/portal\/wp-json\/wp\/v2\/posts\/7545\/revisions\/7546"}],"wp:attachment":[{"href":"https:\/\/www.santaritadopassaquatro.sp.gov.br\/portal\/wp-json\/wp\/v2\/media?parent=7545"}],"wp:term":[{"taxonomy":"category","embeddable":true,"href":"https:\/\/www.santaritadopassaquatro.sp.gov.br\/portal\/wp-json\/wp\/v2\/categories?post=7545"},{"taxonomy":"post_tag","embeddable":true,"href":"https:\/\/www.santaritadopassaquatro.sp.gov.br\/portal\/wp-json\/wp\/v2\/tags?post=7545"}],"curies":[{"name":"wp","href":"https:\/\/api.w.org\/{rel}","templated":true}]}}