{"id":7549,"date":"2022-07-05T14:49:40","date_gmt":"2022-07-05T17:49:40","guid":{"rendered":"http:\/\/www.santaritadopassaquatro.sp.gov.br\/portal\/?p=7549"},"modified":"2022-08-17T14:50:33","modified_gmt":"2022-08-17T17:50:33","slug":"30o-festival-de-tradicoes-italianas-3","status":"publish","type":"post","link":"https:\/\/www.santaritadopassaquatro.sp.gov.br\/portal\/30o-festival-de-tradicoes-italianas-3\/","title":{"rendered":"30\u00ba FESTIVAL DE TRADI\u00c7\u00d5ES ITALIANAS"},"content":{"rendered":"<p>A Prefeitura Municipal de Santa Rita do Passa Quatro, atrav\u00e9s da gest\u00e3o do Prefeito Marcelo Sim\u00e3o e Professor M\u00e1rcio Reis, convida voc\u00ea para o 30\u00b0 Festival de Tradi\u00e7\u00f5es Italianas.<br \/>\nSer\u00e3o 3 dias de shows na Pra\u00e7a Poeta M\u00e1rio Mattoso \u2014 Esta\u00e7\u00e3o, com muita dan\u00e7a e pratos t\u00edpicos.<br \/>\n\ud83c\uddee\ud83c\uddf9 No dia 8 de julho, \u00e0s 19h30, teremos a Banda Zequinha de Abreu e o Coral Prof. Oct\u00e1vio Bueno de Camargo abrindo as festividades; \u00e0s 20h00, teremos Tony Angelli, o maior int\u00e9rprete da m\u00fasica italiana no Brasil, e \u00e0s 21h00, Ivano Italian\u00edssimo e Banda encerram a primeira noite de apresenta\u00e7\u00f5es.<br \/>\n\ud83c\uddee\ud83c\uddf9 O dia 09 teremos Renato Gabianni, a partir das 19h00, e a Banda Via Roma trar\u00e1 toda sua alegria, a partir das 20h30.<br \/>\nNo domingo, dia 10 de julho, as apresenta\u00e7\u00f5es come\u00e7ar\u00e3o um pouco mais cedo, \u00e0s 18h00, com o cantor Ricardo Bombarda fazendo a abertura das apresenta\u00e7\u00f5es e a Banda Felice It\u00e1lia subindo ao palco com a Bella e os Tenores.<br \/>\nTodos os intervalos das apresenta\u00e7\u00f5es contar\u00e3o com pequenas interven\u00e7\u00f5es do Grupo Quimera Cultural.<br \/>\nAp\u00f3s dois anos sem Festival de forma presencial, o 30\u00b0 Festival de Tradi\u00e7\u00f5es Italianas est\u00e1 de volta<br \/>\n.<br \/>\nMarque na sua agenda, nos dias 08, 09 e 10 de julho.<br \/>\nUma realiza\u00e7\u00e3o da Prefeitura Municipal de Santa Rita do Passa Quatro atrav\u00e9s do departamento de Cultura e Turismo.<\/p>\n<p><a href=\"https:\/\/fb.watch\/eya0LJQAtl\/\" target=\"_blank\" rel=\"noopener\">https:\/\/fb.watch\/eya0LJQAtl\/<\/a><\/p>\n","protected":false},"excerpt":{"rendered":"<p>A Prefeitura Municipal de Santa Rita do Passa Quatro, atrav\u00e9s da gest\u00e3o do Prefeito Marcelo Sim\u00e3o e Professor M\u00e1rcio Reis,<\/p>\n","protected":false},"author":1,"featured_media":0,"comment_status":"closed","ping_status":"open","sticky":false,"template":"","format":"standard","meta":{"footnotes":""},"categories":[46],"tags":[],"class_list":["post-7549","post","type-post","status-publish","format-standard","hentry","category-cultura"],"_links":{"self":[{"href":"https:\/\/www.santaritadopassaquatro.sp.gov.br\/portal\/wp-json\/wp\/v2\/posts\/7549","targetHints":{"allow":["GET"]}}],"collection":[{"href":"https:\/\/www.santaritadopassaquatro.sp.gov.br\/portal\/wp-json\/wp\/v2\/posts"}],"about":[{"href":"https:\/\/www.santaritadopassaquatro.sp.gov.br\/portal\/wp-json\/wp\/v2\/types\/post"}],"author":[{"embeddable":true,"href":"https:\/\/www.santaritadopassaquatro.sp.gov.br\/portal\/wp-json\/wp\/v2\/users\/1"}],"replies":[{"embeddable":true,"href":"https:\/\/www.santaritadopassaquatro.sp.gov.br\/portal\/wp-json\/wp\/v2\/comments?post=7549"}],"version-history":[{"count":1,"href":"https:\/\/www.santaritadopassaquatro.sp.gov.br\/portal\/wp-json\/wp\/v2\/posts\/7549\/revisions"}],"predecessor-version":[{"id":7550,"href":"https:\/\/www.santaritadopassaquatro.sp.gov.br\/portal\/wp-json\/wp\/v2\/posts\/7549\/revisions\/7550"}],"wp:attachment":[{"href":"https:\/\/www.santaritadopassaquatro.sp.gov.br\/portal\/wp-json\/wp\/v2\/media?parent=7549"}],"wp:term":[{"taxonomy":"category","embeddable":true,"href":"https:\/\/www.santaritadopassaquatro.sp.gov.br\/portal\/wp-json\/wp\/v2\/categories?post=7549"},{"taxonomy":"post_tag","embeddable":true,"href":"https:\/\/www.santaritadopassaquatro.sp.gov.br\/portal\/wp-json\/wp\/v2\/tags?post=7549"}],"curies":[{"name":"wp","href":"https:\/\/api.w.org\/{rel}","templated":true}]}}