{"id":7551,"date":"2022-07-06T14:50:51","date_gmt":"2022-07-06T17:50:51","guid":{"rendered":"http:\/\/www.santaritadopassaquatro.sp.gov.br\/portal\/?p=7551"},"modified":"2022-08-17T14:51:41","modified_gmt":"2022-08-17T17:51:41","slug":"prefeito-se-reune-com-membros-do-conselho-de-promocao-da-igualdade-racial","status":"publish","type":"post","link":"https:\/\/www.santaritadopassaquatro.sp.gov.br\/portal\/prefeito-se-reune-com-membros-do-conselho-de-promocao-da-igualdade-racial\/","title":{"rendered":"PREFEITO SE RE\u00daNE COM MEMBROS DO CONSELHO DE PROMO\u00c7\u00c3O DA IGUALDADE RACIAL"},"content":{"rendered":"<p>O Prefeito Marcelo Sim\u00e3o se reuniu nesta quarta-feira (06) com membros do Conselho Municipal de Promo\u00e7\u00e3o da Igualdade Racial para a apresenta\u00e7\u00e3o do planejamento de atividades e a\u00e7\u00f5es do Conselho para o segundo semestre.<br \/>\nA reuni\u00e3o foi a primeira ap\u00f3s a nomea\u00e7\u00e3o da Coordenadora do conselho, Denise Serafim, que trabalha em conjunto com o Departamento de Promo\u00e7\u00e3o e Assist\u00eancia Social e sua diretora, Patr\u00edcia Jord\u00e3o Mion.<br \/>\nO vice-prefeito Prof. M\u00e1rcio Reis participou da reuni\u00e3o, juntamente com o chefe de gabinete Ronaldo Barioni Eluf e os membros do Conselho, Jo\u00e3o Vitor Frutuoso e Camila Silva dos Santos<\/p>\n<p>&nbsp;<\/p>\n","protected":false},"excerpt":{"rendered":"<p>O Prefeito Marcelo Sim\u00e3o se reuniu nesta quarta-feira (06) com membros do Conselho Municipal de Promo\u00e7\u00e3o da Igualdade Racial para<\/p>\n","protected":false},"author":1,"featured_media":0,"comment_status":"closed","ping_status":"open","sticky":false,"template":"","format":"standard","meta":{"footnotes":""},"categories":[63],"tags":[],"class_list":["post-7551","post","type-post","status-publish","format-standard","hentry","category-servicos-municipais"],"_links":{"self":[{"href":"https:\/\/www.santaritadopassaquatro.sp.gov.br\/portal\/wp-json\/wp\/v2\/posts\/7551","targetHints":{"allow":["GET"]}}],"collection":[{"href":"https:\/\/www.santaritadopassaquatro.sp.gov.br\/portal\/wp-json\/wp\/v2\/posts"}],"about":[{"href":"https:\/\/www.santaritadopassaquatro.sp.gov.br\/portal\/wp-json\/wp\/v2\/types\/post"}],"author":[{"embeddable":true,"href":"https:\/\/www.santaritadopassaquatro.sp.gov.br\/portal\/wp-json\/wp\/v2\/users\/1"}],"replies":[{"embeddable":true,"href":"https:\/\/www.santaritadopassaquatro.sp.gov.br\/portal\/wp-json\/wp\/v2\/comments?post=7551"}],"version-history":[{"count":2,"href":"https:\/\/www.santaritadopassaquatro.sp.gov.br\/portal\/wp-json\/wp\/v2\/posts\/7551\/revisions"}],"predecessor-version":[{"id":7553,"href":"https:\/\/www.santaritadopassaquatro.sp.gov.br\/portal\/wp-json\/wp\/v2\/posts\/7551\/revisions\/7553"}],"wp:attachment":[{"href":"https:\/\/www.santaritadopassaquatro.sp.gov.br\/portal\/wp-json\/wp\/v2\/media?parent=7551"}],"wp:term":[{"taxonomy":"category","embeddable":true,"href":"https:\/\/www.santaritadopassaquatro.sp.gov.br\/portal\/wp-json\/wp\/v2\/categories?post=7551"},{"taxonomy":"post_tag","embeddable":true,"href":"https:\/\/www.santaritadopassaquatro.sp.gov.br\/portal\/wp-json\/wp\/v2\/tags?post=7551"}],"curies":[{"name":"wp","href":"https:\/\/api.w.org\/{rel}","templated":true}]}}