{"id":7556,"date":"2022-08-17T14:54:53","date_gmt":"2022-08-17T17:54:53","guid":{"rendered":"http:\/\/www.santaritadopassaquatro.sp.gov.br\/portal\/?p=7556"},"modified":"2022-08-17T14:56:03","modified_gmt":"2022-08-17T17:56:03","slug":"dama-e-a-equipe-corta-fogo","status":"publish","type":"post","link":"https:\/\/www.santaritadopassaquatro.sp.gov.br\/portal\/dama-e-a-equipe-corta-fogo\/","title":{"rendered":"DAMA e a Equipe \u201cCorta \u2013 Fogo\u201d"},"content":{"rendered":"<p>No pr\u00f3ximo s\u00e1bado (20), a Prefeitura Municipal de Santa Rita do Passa Quatro, por meio do Departamento de Agricultura e Meio ambiente, e em parceria com a Usina Santa Rita, Pol\u00edcia Ambiental e Parque Estadual Vassununga, realizar\u00e1 doa\u00e7\u00e3o de mudas na Feira do Agricultor (Pra\u00e7a do Ros\u00e1rio) a partir das 09h00.<\/p>\n<p>\u00c0s 10h00, o DAMA e a Equipe \u201cCorta \u2013 Fogo\u201d iniciar\u00e3o uma carreta por toda a extens\u00e3o da Avenida Severino Meirelles, visando orientar os mun\u00edcipes no combate \u00e0s queimadas urbanas, rurais e florestais, j\u00e1 que nessa \u00e9poca do ano as chuvas s\u00e3o escassas e os inc\u00eandios recorrentes.<\/p>\n<p><img decoding=\"async\" class=\"aligncenter size-full wp-image-7557\" src=\"http:\/\/www.santaritadopassaquatro.sp.gov.br\/portal\/wp-content\/uploads\/2022\/08\/3c253c85-e115-46ee-8217-2f491a39b56e.jpg\" alt=\"\" width=\"1080\" height=\"1080\" \/> <img decoding=\"async\" class=\"aligncenter size-large wp-image-7558\" src=\"http:\/\/www.santaritadopassaquatro.sp.gov.br\/portal\/wp-content\/uploads\/2022\/08\/23348ba8-cebb-4bfc-ba0a-457d7fdc5610.jpg\" alt=\"\" width=\"800\" height=\"800\" \/><\/p>\n","protected":false},"excerpt":{"rendered":"<p>No pr\u00f3ximo s\u00e1bado (20), a Prefeitura Municipal de Santa Rita do Passa Quatro, por meio do Departamento de Agricultura e<\/p>\n","protected":false},"author":1,"featured_media":7557,"comment_status":"closed","ping_status":"open","sticky":false,"template":"","format":"standard","meta":{"footnotes":""},"categories":[53],"tags":[],"class_list":["post-7556","post","type-post","status-publish","format-standard","has-post-thumbnail","hentry","category-meio-ambiente"],"_links":{"self":[{"href":"https:\/\/www.santaritadopassaquatro.sp.gov.br\/portal\/wp-json\/wp\/v2\/posts\/7556","targetHints":{"allow":["GET"]}}],"collection":[{"href":"https:\/\/www.santaritadopassaquatro.sp.gov.br\/portal\/wp-json\/wp\/v2\/posts"}],"about":[{"href":"https:\/\/www.santaritadopassaquatro.sp.gov.br\/portal\/wp-json\/wp\/v2\/types\/post"}],"author":[{"embeddable":true,"href":"https:\/\/www.santaritadopassaquatro.sp.gov.br\/portal\/wp-json\/wp\/v2\/users\/1"}],"replies":[{"embeddable":true,"href":"https:\/\/www.santaritadopassaquatro.sp.gov.br\/portal\/wp-json\/wp\/v2\/comments?post=7556"}],"version-history":[{"count":1,"href":"https:\/\/www.santaritadopassaquatro.sp.gov.br\/portal\/wp-json\/wp\/v2\/posts\/7556\/revisions"}],"predecessor-version":[{"id":7559,"href":"https:\/\/www.santaritadopassaquatro.sp.gov.br\/portal\/wp-json\/wp\/v2\/posts\/7556\/revisions\/7559"}],"wp:featuredmedia":[{"embeddable":true,"href":"https:\/\/www.santaritadopassaquatro.sp.gov.br\/portal\/wp-json\/wp\/v2\/media\/7557"}],"wp:attachment":[{"href":"https:\/\/www.santaritadopassaquatro.sp.gov.br\/portal\/wp-json\/wp\/v2\/media?parent=7556"}],"wp:term":[{"taxonomy":"category","embeddable":true,"href":"https:\/\/www.santaritadopassaquatro.sp.gov.br\/portal\/wp-json\/wp\/v2\/categories?post=7556"},{"taxonomy":"post_tag","embeddable":true,"href":"https:\/\/www.santaritadopassaquatro.sp.gov.br\/portal\/wp-json\/wp\/v2\/tags?post=7556"}],"curies":[{"name":"wp","href":"https:\/\/api.w.org\/{rel}","templated":true}]}}