{"id":7563,"date":"2022-08-19T15:46:20","date_gmt":"2022-08-19T18:46:20","guid":{"rendered":"http:\/\/www.santaritadopassaquatro.sp.gov.br\/portal\/?p=7563"},"modified":"2022-08-19T15:46:20","modified_gmt":"2022-08-19T18:46:20","slug":"santa-rita-do-passa-quatro-recebe-virada-sp-evento-inedito-na-cidade-com-24-horas-de-programacao","status":"publish","type":"post","link":"https:\/\/www.santaritadopassaquatro.sp.gov.br\/portal\/santa-rita-do-passa-quatro-recebe-virada-sp-evento-inedito-na-cidade-com-24-horas-de-programacao\/","title":{"rendered":"Santa Rita do Passa Quatro recebe Virada SP, evento in\u00e9dito na cidade, com 24 horas de programa\u00e7\u00e3o"},"content":{"rendered":"<p><em>Ser\u00e3o cerca de 40 apresenta\u00e7\u00f5es distribu\u00eddas em sete locais da cidade; a cantora americana Tamara Peterson, BNeg\u00e3o, Paulo Miklos, Jogos L\u00fadicos e uma homenagem a Tim Maia integram programa\u00e7\u00e3o \u00a0\u00a0<\/em><\/p>\n<p>&nbsp;<\/p>\n<p>Santa Rita do Passa Quatro se prepara para uma verdadeira maratona cultural. A Virada SP desembarca na cidade pela primeira vez, trazendo na bagagem cerca de 40 apresenta\u00e7\u00f5es, que incluem artistas, como o BNeg\u00e3o, Paulo Miklos, Larissa Luz e Gabriel Sater, pe\u00e7as de teatro, yoga, jogos e at\u00e9 um show in\u00e9dito da cantora americana Tamara Peterson. O evento tem gest\u00e3o da Amigos da Arte e acontece durante 24 horas consecutivas, nos dias 27 e 28 de agosto. Com a Virada SP, Santa Rita do Passa Quatro, assim como outros 21 munic\u00edpios contemplados pelo evento, recebe o t\u00edtulo de capital estadual da cultura de 2022.<\/p>\n<p>&nbsp;<\/p>\n<p>\u201cFazer a Virada SP \u00e9 sempre um desafio e uma alegria imensos, quando a cidade \u00e9 in\u00e9dita fica tudo ainda mais interessante porque precisamos mergulhar na cultura local e entender seus h\u00e1bitos, tradi\u00e7\u00f5es para, a\u00ed sim, organizar o evento\u201d, diz Danielle Nigromonte, diretora-geral da Amigos da Arte. \u201cA prefeitura tem papel fundamental e sem essa parceria e comprometimento da equipe municipal n\u00e3o seria poss\u00edvel esse trabalho incr\u00edvel que desenvolvemos este ano\u201d, concluiu.<\/p>\n<p>A programa\u00e7\u00e3o, gratuita e aberta ao p\u00fablico, ser\u00e1 distribu\u00edda por sete locais da cidade, entre eles a pra\u00e7a Poeta M\u00e1rio Mattoso (Esta\u00e7\u00e3o), a Pra\u00e7a Zequinha de Abreu, o Centro Cultural Governador Mario Covas, o Morro Itatiaia e a Pista de Skate.<\/p>\n<p>A Virada SP Santa Rita do Passa Quatro traz o show de Monallizza que faz seu Tritubo a Tim Maia. Monallizza sobe ao palco da Pra\u00e7a Mario Mattoso no domingo \u00e0s 13h. A Kombi do Vinil chega na cidade com o lend\u00e1rio DJ tio Fresh. Pela madrugada, o Crystallica se apresenta dentro do Santu\u00e1rio Santa Rita de C\u00e1ssia com uma m\u00fasica celestial que une linguagem futurista e proje\u00e7\u00f5es de obras de arte animadas em 3D.<\/p>\n<p>De toda a programa\u00e7\u00e3o, apenas duas n\u00e3o t\u00eam classifica\u00e7\u00e3o livre. A pe\u00e7a dos Parlapat\u00f5es \u201cPrego na Testa\u201d ser\u00e1 realizada \u00e0 meia-noite e \u00e9 indicado para maiores de 16 anos. O <em>stand up<\/em> \u201cA Santa Com\u00e9dia\u201d, na madrugada do s\u00e1bado para domingo (1h), est\u00e1 liberado para 18 anos.<\/p>\n<p>O p\u00fablico infantil tamb\u00e9m ter\u00e1 vez na Virada SP do munic\u00edpio com o YOGAndo para crian\u00e7as no Morro Itatiaia na manh\u00e3 do domingo. Para os f\u00e3s do rap, a programa\u00e7\u00e3o est\u00e1 garantida com as apresenta\u00e7\u00f5es do DJ Nem, MC Pedr\u00e3o do Interior\u00a0 e Ruandj, no domingo \u00e0s 13h, 14h30 e 17h, respectivamente.<\/p>\n<p>Como um evento de m\u00faltiplas linguagens, a Virada SP tamb\u00e9m traz a exposi\u00e7\u00e3o com o Studio Lazuli e Proje\u00e7\u00e3o de Poema de Marcos Cestari, Roda de Prosas, Poesias e M\u00fasicas da Academia Santarritense de Letras, no Cento Cultural e Museu Jos\u00e9 Spadon e o Jogos do Mundo que acontece no Pavilh\u00e3o Cultural Dr. Eduardo Louzada Rocha, uma realiza\u00e7\u00e3o do Coletivo L\u00fadico que convida o p\u00fablico a experimentar materiais l\u00fadicos utilizados por muitas civiliza\u00e7\u00f5es ao longo da hist\u00f3ria. Um programa indicado para o p\u00fablico de todas as idades, g\u00eaneros e classes sociais.<\/p>\n<p>&#8220;A conquista da vinda da Virada Cultural para Santa Rita atrav\u00e9s do trabalho realizado pelo Departamento de Turismo, Cultura, Esporte e Lazer, transformou nossa cidade na Capital Cultural, mostrando que nossa cidade investe na cultura. Temos um trabalho muito voltado ao fomento da cultura, nossa cidade merece isso, pois Santa Rita \u00e9 o ber\u00e7o do grande maestro Zequinha de Abreu, recentemente o Estado de S\u00e3o Paulo oficializou Santa Rita como Cidade Poema e trazer um evento dessa magnitude \u00e9 motivo de muito orgulho, n\u00e3o somente para a nossa cidade, como para a nossa regi\u00e3o\u201d. Marcelo Sim\u00e3o, Prefeito Municipal.<\/p>\n<p>Santa Rita do Passa Quatro \u00e9 o quarto munic\u00edpio a receber a Virada SP este ano. Adamantina, Ubarana e Campinas inauguraram o evento que este ano voltou ao formato presencial, depois de dois anos realizados virtualmente em fun\u00e7\u00e3o do isolamento imposto pela pandemia. Todas as 22 cidades foram selecionadas por chamamento p\u00fablico, realizado pelo governo do Estado de S\u00e3o Paulo.<\/p>\n<p>&nbsp;<\/p>\n<p><strong>Virada SP<\/strong><\/p>\n<p>A Virada SP \u00e9 uma maratona de arte e cultura com apresenta\u00e7\u00f5es de linguagens variadas realizadas por artistas e grupos consagrados regional, nacional e internacionalmente. As atividades acontecem durante 24 horas consecutivas em espa\u00e7os p\u00fablicos e privados. Todas as a\u00e7\u00f5es s\u00e3o gratuitas e abertas ao p\u00fablico. Em 2020 e 2021, o evento assumiu o formato virtual, em fun\u00e7\u00e3o do isolamento social imposto pela pandemia da Covid-19, mas manteve a parceria com cidades selecionadas, sempre por meio de chamadas p\u00fablicas.<br \/>\nEste ano, a Virada SP volta ao modo presencial e, como nas edi\u00e7\u00f5es anteriores, d\u00e1 o t\u00edtulo de Capital Cultural do Estado de S\u00e3o Paulo aos 22 munic\u00edpios escolhidos \u2013Adamantina, Iguape, Ilha Solteira, Paraibuna, Santa F\u00e9 do Sul, Santa Rita do Passa Quatro, Santo Ant\u00f4nio do Pinhal, Ubarana, Botucatu, Mairipor\u00e3, Registro, Santa B\u00e1rbara d\u00b4Oeste, Votuporanga, Itapevi, Santos, Bertioga, Itanha\u00e9m e S\u00e3o Sebasti\u00e3o, Campinas, Presidente Prudente, S\u00e3o Jos\u00e9 dos Campos e Indaiatuba. As cidades de Santa Rita do Passa Quatro, Ubarana, Santo Ant\u00f4nio do Pinhal, Paraibuna, Adamantina e S\u00e3o Sebasti\u00e3o participam de forma in\u00e9dita do evento.<\/p>\n<p>Al\u00e9m de fomentar e democratizar o acesso \u00e0 cultura, a Virada SP, parte do programa #JuntosPelaCultura, \u00e9 um grande incentivador da arte local que une estado, prefeituras e segmentos art\u00edsticos a fim de desenvolver a cultura e a economia criativa em todas as regi\u00f5es do estado.<\/p>\n<p>A Virada SP de 2022 tem um investimento de R$ 15,7 milh\u00f5es, or\u00e7amento recorde na hist\u00f3ria das Viradas pelo Governo do Estado. A previs\u00e3o \u00e9 que, mais uma vez,\u00a0 o impacto econ\u00f4mico seja significativo com destaque para a gera\u00e7\u00e3o de empregos diretos e indiretos nas regi\u00f5es participantes.<\/p>\n<p>&nbsp;<\/p>\n<p>&nbsp;<\/p>\n<p><strong>Programa\u00e7\u00e3o<br \/>\n<em>(Todos os eventos na madrugada acontecem do s\u00e1bado para o domingo)<\/em><\/strong><\/p>\n<p><strong>Pra\u00e7a Poeta Mario Mattoso<\/strong><\/p>\n<p>Pra\u00e7a da Esta\u00e7\u00e3o \u2013 Am\u00e9rico Persin, s\/nro \u2013 Centro<\/p>\n<p>Palco 1<\/p>\n<p>27\/8<\/p>\n<p>19h \u2013 Tamara Peterson<\/p>\n<p>21h30 \u2013 Paulo Miklos<\/p>\n<p>0h \u2013 Bneg\u00e3o<\/p>\n<p>&nbsp;<\/p>\n<p>28\/8<\/p>\n<p>13h \u2013 Monallizza Tributo a Tim Maia<\/p>\n<p>15h \u2013 Larissa Luz<\/p>\n<p>18h \u2013 Gabriel Sater<\/p>\n<p>&nbsp;<\/p>\n<p>Palco 2<\/p>\n<p>27\/8<\/p>\n<p>18h \u2013 Nane Fadel &amp; Banda Pride<\/p>\n<p>20h \u2013 Fuga em Massa<\/p>\n<p>23h \u2013 Banda LPJ<\/p>\n<p>&nbsp;<\/p>\n<p>28\/8<\/p>\n<p>12h \u2013 SRP4<\/p>\n<p>14h \u2013 Covil de Aluguel<\/p>\n<p>16h30 \u2013 Black 3<\/p>\n<p>&nbsp;<\/p>\n<p><strong>Pavilh\u00e3o Cultural Dr. Eduardo Louzada Rocha (Pra\u00e7a da Esta\u00e7\u00e3o)<br \/>\n<\/strong>Rua Severino Meirelles, s\/nro \u2013 Centro<\/p>\n<p>27 e 28\/8<\/p>\n<p>Das 18h \u00e0s 18h \u2013 Jogos do Mundo \u2013 Coletivo L\u00fadico<\/p>\n<p><strong>Pista de Skate (Pra\u00e7a Juliana Rozante) \u2013 Avenida Formoso, s\/nro<\/strong><\/p>\n<p>Kombi do Vinil<\/p>\n<p>27\/8<\/p>\n<p>18h \u2013 Gio Sam<\/p>\n<p>19h30 \u2013 Tio Fresh &amp; convidado Mano russo<\/p>\n<p>22h \u2013 Imp\u00e9rio Clan<\/p>\n<p>&nbsp;<\/p>\n<p>28\/8<\/p>\n<p>13h \u2013 MC Pedr\u00e3o do Interior<\/p>\n<p>14h30 \u2013 DJ Nem<\/p>\n<p>17h \u2013 Ruandj<\/p>\n<p>&nbsp;<\/p>\n<p><strong>Centro Cultural e Museu Jos\u00e9 Spadon<br \/>\n<\/strong>Rua Severino Meirelles, 986 \u2013 Centro<\/p>\n<p>27 e 28\/8<\/p>\n<p>18h \u00e0s 18h \u2013 Universo do l\u00e1pis \u2013 Rita Camargo \u2013 Exposi\u00e7\u00e3o<\/p>\n<p>18h \u00e0s 18h \u2013 S\u00f3 hoje te quiz mil vezes \u2013 M. Cestari \u2013 Proje\u00e7\u00e3o de Poemas<\/p>\n<p>&nbsp;<\/p>\n<p>28\/8<\/p>\n<p>10h \u2013 Roda de Prosas, Poesias e M\u00fasicas \u2013 Academia Santarritense de Letras<\/p>\n<p>&nbsp;<\/p>\n<p><strong>Santu\u00e1rio Santa Rita de C\u00e1ssia <\/strong><\/p>\n<p>Rua Severino Meirelles, s\/nro, Centro<\/p>\n<p>28\/8<\/p>\n<p>2h (na madrugada) \u2013 Crystallica<\/p>\n<p>&nbsp;<\/p>\n<p><strong>Pra\u00e7a Zequinha de Abreu<\/strong><\/p>\n<p>Rua Severino Meirelles, s\/nro \u2013 Centro<\/p>\n<p>Palco 1\u00a0 &#8211; Concha Acustica<\/p>\n<p>&nbsp;<\/p>\n<p>27\/8<\/p>\n<p>22h \u2013 Os Paulistinhas<\/p>\n<p>0h \u2013 Ivo Bragante e Grupo Sururu na Cidade<\/p>\n<p>&nbsp;<\/p>\n<p>28\/8<\/p>\n<p>11h \u2013 Banda Musical Zequinha de Abreu<\/p>\n<p>12h30 \u2013 Doce Palavra<\/p>\n<p>14h30 \u2013 Horr\u00edveis do Samba<\/p>\n<p>16h30 \u2013 Degrad\u00ea<\/p>\n<p>Palco 2 &#8211; \u00a0Volante<\/p>\n<p>&nbsp;<\/p>\n<p>28\/8<\/p>\n<p>11h40 \u2013 Luciano Violeiro<\/p>\n<p>13h30 \u2013 Carlos Augusto e Silvano<\/p>\n<p>15h30 \u2013 Projeto Mad\u00e1<\/p>\n<p>&nbsp;<\/p>\n<p><strong>Centro Cultural Governador Mario Covas<\/strong><\/p>\n<p>Pra\u00e7a Jos\u00e9 Gonso, s\/nro \u2013 Cinel\u00e2ndia<\/p>\n<p>Anfiteatro Am\u00e9rico Persin<\/p>\n<p>27\/8<\/p>\n<p>20h30 \u2013 Lan\u00e7amento do Livro \u00c1lbum de Fam\u00edlia de L\u00facio Ribeiro<\/p>\n<p>0h \u2013 Prego na Testa \u2013 Parlapat\u00f5es (classifica\u00e7\u00e3o 16 anos)<\/p>\n<p>&nbsp;<\/p>\n<p>28\/8<\/p>\n<p>1h (madrugada) \u2013 A Santa Com\u00e9dia \u2013 Stand Up (classifica\u00e7\u00e3o 18 anos)<\/p>\n<p>11h \u2013 Fragmentos de Dan\u00e7a \u2013 Studio Arte e Movimento<\/p>\n<p>15h \u2013 Dona Leusa \u2013 Grupo de Teatro Quimera Cultural<\/p>\n<p>17h \u2013 E o Palha\u00e7o, o que \u00e9?<\/p>\n<p>&nbsp;<\/p>\n<p><strong>Morro Itatiaia<\/strong><\/p>\n<p>Rodovia Alciro Ribeiro Meirelles, s\/nro, 010 KM 3,7 +2,56KM<\/p>\n<p>28\/8<\/p>\n<p>10h \u2013YOGAndo com as crian\u00e7as \u2013 Marina Massoli<\/p>\n<p>11h \u2013 YOGAndo com as crian\u00e7as<\/p>\n<p>12h \u2013 Rog\u00e9rio Bergo \u2013 Saxofone<\/p>\n<p>14h \u2013 Grupo Uni\u00e3o Capoeira \u2013 Mestre Digo<\/p>\n<p>15h \u2013 Hist\u00f3rias e Brincadeiras AcalantoContos (com Laura Marques)<\/p>\n","protected":false},"excerpt":{"rendered":"<p>Ser\u00e3o cerca de 40 apresenta\u00e7\u00f5es distribu\u00eddas em sete locais da cidade; a cantora americana Tamara Peterson, BNeg\u00e3o, Paulo Miklos, Jogos<\/p>\n","protected":false},"author":1,"featured_media":7564,"comment_status":"closed","ping_status":"open","sticky":false,"template":"","format":"standard","meta":{"footnotes":""},"categories":[46,48],"tags":[],"class_list":["post-7563","post","type-post","status-publish","format-standard","has-post-thumbnail","hentry","category-cultura","category-featured"],"_links":{"self":[{"href":"https:\/\/www.santaritadopassaquatro.sp.gov.br\/portal\/wp-json\/wp\/v2\/posts\/7563","targetHints":{"allow":["GET"]}}],"collection":[{"href":"https:\/\/www.santaritadopassaquatro.sp.gov.br\/portal\/wp-json\/wp\/v2\/posts"}],"about":[{"href":"https:\/\/www.santaritadopassaquatro.sp.gov.br\/portal\/wp-json\/wp\/v2\/types\/post"}],"author":[{"embeddable":true,"href":"https:\/\/www.santaritadopassaquatro.sp.gov.br\/portal\/wp-json\/wp\/v2\/users\/1"}],"replies":[{"embeddable":true,"href":"https:\/\/www.santaritadopassaquatro.sp.gov.br\/portal\/wp-json\/wp\/v2\/comments?post=7563"}],"version-history":[{"count":1,"href":"https:\/\/www.santaritadopassaquatro.sp.gov.br\/portal\/wp-json\/wp\/v2\/posts\/7563\/revisions"}],"predecessor-version":[{"id":7565,"href":"https:\/\/www.santaritadopassaquatro.sp.gov.br\/portal\/wp-json\/wp\/v2\/posts\/7563\/revisions\/7565"}],"wp:featuredmedia":[{"embeddable":true,"href":"https:\/\/www.santaritadopassaquatro.sp.gov.br\/portal\/wp-json\/wp\/v2\/media\/7564"}],"wp:attachment":[{"href":"https:\/\/www.santaritadopassaquatro.sp.gov.br\/portal\/wp-json\/wp\/v2\/media?parent=7563"}],"wp:term":[{"taxonomy":"category","embeddable":true,"href":"https:\/\/www.santaritadopassaquatro.sp.gov.br\/portal\/wp-json\/wp\/v2\/categories?post=7563"},{"taxonomy":"post_tag","embeddable":true,"href":"https:\/\/www.santaritadopassaquatro.sp.gov.br\/portal\/wp-json\/wp\/v2\/tags?post=7563"}],"curies":[{"name":"wp","href":"https:\/\/api.w.org\/{rel}","templated":true}]}}