{"id":7566,"date":"2022-08-19T15:47:37","date_gmt":"2022-08-19T18:47:37","guid":{"rendered":"http:\/\/www.santaritadopassaquatro.sp.gov.br\/portal\/?p=7566"},"modified":"2022-08-19T15:47:37","modified_gmt":"2022-08-19T18:47:37","slug":"conselho-municipal-da-mulher-realizara-palestras-sobre-o-agosto-lilas-2","status":"publish","type":"post","link":"https:\/\/www.santaritadopassaquatro.sp.gov.br\/portal\/conselho-municipal-da-mulher-realizara-palestras-sobre-o-agosto-lilas-2\/","title":{"rendered":"CONSELHO MUNICIPAL DA MULHER REALIZAR\u00c1 PALESTRAS SOBRE O \u201cAGOSTO LIL\u00c1S\u201d"},"content":{"rendered":"<p>Em agosto, teremos 3 palestras em comemora\u00e7\u00e3o ao \u201cAgosto Lil\u00e1s\u201d, uma campanha de conscientiza\u00e7\u00e3o pelo fim da viol\u00eancia contra a mulher. Ela faz refer\u00eancia ao anivers\u00e1rio da Lei Maria da Penha, institu\u00edda pela Lei n\u00ba 11.340 (de 07 de agosto de 2006), que em 2022 completou 16 anos.<\/p>\n<p>Enfrentar e combater todas as formas de viol\u00eancia contra as mulheres! Esse \u00e9 o principal objetivo da Campanha \u201cAgosto Lil\u00e1s\u201d. Dessa forma, a a\u00e7\u00e3o foi levada ao Conselho Municipal da Mulher, em Santa Rita do Passa Quatro.<\/p>\n<p>Ser\u00e1 nos dias 23, 24 e 25 de agosto, a partir das 19h00, no Centro Cultural e Museu \u201cJos\u00e9 Spadon.<br \/>\nN\u00e3o perca!<br \/>\n#agostolilas #conselhodamulher #cidadepoema<\/p>\n","protected":false},"excerpt":{"rendered":"<p>Em agosto, teremos 3 palestras em comemora\u00e7\u00e3o ao \u201cAgosto Lil\u00e1s\u201d, uma campanha de conscientiza\u00e7\u00e3o pelo fim da viol\u00eancia contra a<\/p>\n","protected":false},"author":1,"featured_media":7567,"comment_status":"closed","ping_status":"open","sticky":false,"template":"","format":"standard","meta":{"footnotes":""},"categories":[58],"tags":[],"class_list":["post-7566","post","type-post","status-publish","format-standard","has-post-thumbnail","hentry","category-health"],"_links":{"self":[{"href":"https:\/\/www.santaritadopassaquatro.sp.gov.br\/portal\/wp-json\/wp\/v2\/posts\/7566","targetHints":{"allow":["GET"]}}],"collection":[{"href":"https:\/\/www.santaritadopassaquatro.sp.gov.br\/portal\/wp-json\/wp\/v2\/posts"}],"about":[{"href":"https:\/\/www.santaritadopassaquatro.sp.gov.br\/portal\/wp-json\/wp\/v2\/types\/post"}],"author":[{"embeddable":true,"href":"https:\/\/www.santaritadopassaquatro.sp.gov.br\/portal\/wp-json\/wp\/v2\/users\/1"}],"replies":[{"embeddable":true,"href":"https:\/\/www.santaritadopassaquatro.sp.gov.br\/portal\/wp-json\/wp\/v2\/comments?post=7566"}],"version-history":[{"count":1,"href":"https:\/\/www.santaritadopassaquatro.sp.gov.br\/portal\/wp-json\/wp\/v2\/posts\/7566\/revisions"}],"predecessor-version":[{"id":7568,"href":"https:\/\/www.santaritadopassaquatro.sp.gov.br\/portal\/wp-json\/wp\/v2\/posts\/7566\/revisions\/7568"}],"wp:featuredmedia":[{"embeddable":true,"href":"https:\/\/www.santaritadopassaquatro.sp.gov.br\/portal\/wp-json\/wp\/v2\/media\/7567"}],"wp:attachment":[{"href":"https:\/\/www.santaritadopassaquatro.sp.gov.br\/portal\/wp-json\/wp\/v2\/media?parent=7566"}],"wp:term":[{"taxonomy":"category","embeddable":true,"href":"https:\/\/www.santaritadopassaquatro.sp.gov.br\/portal\/wp-json\/wp\/v2\/categories?post=7566"},{"taxonomy":"post_tag","embeddable":true,"href":"https:\/\/www.santaritadopassaquatro.sp.gov.br\/portal\/wp-json\/wp\/v2\/tags?post=7566"}],"curies":[{"name":"wp","href":"https:\/\/api.w.org\/{rel}","templated":true}]}}