{"id":7569,"date":"2022-08-19T15:49:46","date_gmt":"2022-08-19T18:49:46","guid":{"rendered":"http:\/\/www.santaritadopassaquatro.sp.gov.br\/portal\/?p=7569"},"modified":"2022-08-19T15:49:46","modified_gmt":"2022-08-19T18:49:46","slug":"santa-rita-do-passa-quatro-recebe-virada-sp-evento-inedito-na-cidade-com-24-horas-de-programacao-2","status":"publish","type":"post","link":"https:\/\/www.santaritadopassaquatro.sp.gov.br\/portal\/santa-rita-do-passa-quatro-recebe-virada-sp-evento-inedito-na-cidade-com-24-horas-de-programacao-2\/","title":{"rendered":"Santa Rita do Passa Quatro recebe Virada SP, evento in\u00e9dito na cidade, com 24 horas de programa\u00e7\u00e3o"},"content":{"rendered":"<p>Nossa querida Santa Rita se prepara para uma verdadeira maratona cultural. A Virada SP desembarca na cidade pela primeira vez, trazendo na bagagem cerca de 40 apresenta\u00e7\u00f5es, em sete locais da cidade, que incluem artistas, como o BNeg\u00e3o, Paulo Miklos, Larissa Luz e Gabriel Sater, pe\u00e7as de teatro, yoga, jogos l\u00fadicos, uma homenagem a Tim Maia e at\u00e9 um show in\u00e9dito da cantora americana Tamara Peterson.<\/p>\n<p>O evento tem gest\u00e3o da Amigos da Arte e acontece durante 24 horas consecutivas, nos dias 27 e 28 de agosto.<br \/>\nCom a Virada SP, Santa Rita do Passa Quatro, assim como outros 21 munic\u00edpios contemplados pelo evento, recebe o t\u00edtulo de capital estadual da cultura de 2022.<\/p>\n<p>Para acessar a programa\u00e7\u00e3o complete acesse: <a href=\"http:\/\/viradasp.com\/santa-rita-de-passo-a-quatro\/\" target=\"_blank\" rel=\"noopener\">http:\/\/viradasp.com\/santa-rita-de-passo-a-quatro\/<\/a><\/p>\n<p><img decoding=\"async\" class=\"aligncenter size-full wp-image-7570\" src=\"http:\/\/www.santaritadopassaquatro.sp.gov.br\/portal\/wp-content\/uploads\/2022\/08\/053ebb0d-b955-499b-a3d1-2d7862fd903a.jpg\" alt=\"\" width=\"1024\" height=\"1280\" \/><\/p>\n","protected":false},"excerpt":{"rendered":"<p>Nossa querida Santa Rita se prepara para uma verdadeira maratona cultural. A Virada SP desembarca na cidade pela primeira vez,<\/p>\n","protected":false},"author":1,"featured_media":7570,"comment_status":"closed","ping_status":"open","sticky":false,"template":"","format":"standard","meta":{"footnotes":""},"categories":[46,48],"tags":[],"class_list":["post-7569","post","type-post","status-publish","format-standard","has-post-thumbnail","hentry","category-cultura","category-featured"],"_links":{"self":[{"href":"https:\/\/www.santaritadopassaquatro.sp.gov.br\/portal\/wp-json\/wp\/v2\/posts\/7569","targetHints":{"allow":["GET"]}}],"collection":[{"href":"https:\/\/www.santaritadopassaquatro.sp.gov.br\/portal\/wp-json\/wp\/v2\/posts"}],"about":[{"href":"https:\/\/www.santaritadopassaquatro.sp.gov.br\/portal\/wp-json\/wp\/v2\/types\/post"}],"author":[{"embeddable":true,"href":"https:\/\/www.santaritadopassaquatro.sp.gov.br\/portal\/wp-json\/wp\/v2\/users\/1"}],"replies":[{"embeddable":true,"href":"https:\/\/www.santaritadopassaquatro.sp.gov.br\/portal\/wp-json\/wp\/v2\/comments?post=7569"}],"version-history":[{"count":1,"href":"https:\/\/www.santaritadopassaquatro.sp.gov.br\/portal\/wp-json\/wp\/v2\/posts\/7569\/revisions"}],"predecessor-version":[{"id":7571,"href":"https:\/\/www.santaritadopassaquatro.sp.gov.br\/portal\/wp-json\/wp\/v2\/posts\/7569\/revisions\/7571"}],"wp:featuredmedia":[{"embeddable":true,"href":"https:\/\/www.santaritadopassaquatro.sp.gov.br\/portal\/wp-json\/wp\/v2\/media\/7570"}],"wp:attachment":[{"href":"https:\/\/www.santaritadopassaquatro.sp.gov.br\/portal\/wp-json\/wp\/v2\/media?parent=7569"}],"wp:term":[{"taxonomy":"category","embeddable":true,"href":"https:\/\/www.santaritadopassaquatro.sp.gov.br\/portal\/wp-json\/wp\/v2\/categories?post=7569"},{"taxonomy":"post_tag","embeddable":true,"href":"https:\/\/www.santaritadopassaquatro.sp.gov.br\/portal\/wp-json\/wp\/v2\/tags?post=7569"}],"curies":[{"name":"wp","href":"https:\/\/api.w.org\/{rel}","templated":true}]}}