{"id":7580,"date":"2022-08-24T15:47:20","date_gmt":"2022-08-24T18:47:20","guid":{"rendered":"http:\/\/www.santaritadopassaquatro.sp.gov.br\/portal\/?p=7580"},"modified":"2022-08-24T15:47:20","modified_gmt":"2022-08-24T18:47:20","slug":"campanha-de-recolhimento-de-lixo-eletronico","status":"publish","type":"post","link":"https:\/\/www.santaritadopassaquatro.sp.gov.br\/portal\/campanha-de-recolhimento-de-lixo-eletronico\/","title":{"rendered":"Campanha de recolhimento de lixo eletr\u00f4nico"},"content":{"rendered":"<p>No dia 02 de setembro de 2022, o Departamento de Agricultura e Meio Ambiente, juntamente com a LED Reciclagem Tecnol\u00f3gica, realizar\u00e1 uma campanha de recolhimento de lixo eletr\u00f4nico.<\/p>\n<p>Voc\u00ea poder\u00e1 fazer o descarte de pilhas, baterias, monitores, CPU, teclados, mouses, impressoras, eletrodom\u00e9sticos e eletroport\u00e1teis.<\/p>\n<p>Se voc\u00ea j\u00e1 tem algum lixo eletr\u00f4nico em sua casa, j\u00e1 pode levar ao DAMA a partir de amanh\u00e3 (24).<br \/>\nO DAMA fica localizado \u00e0 Rua Jos\u00e9 Bonif\u00e1cio, 23 \u2013 Centro, o hor\u00e1rio de entrega dos materiais \u00e9 das 08h00H \u00e0s 16h00.<\/p>\n","protected":false},"excerpt":{"rendered":"<p>No dia 02 de setembro de 2022, o Departamento de Agricultura e Meio Ambiente, juntamente com a LED Reciclagem Tecnol\u00f3gica,<\/p>\n","protected":false},"author":1,"featured_media":7581,"comment_status":"closed","ping_status":"open","sticky":false,"template":"","format":"standard","meta":{"footnotes":""},"categories":[53],"tags":[],"class_list":["post-7580","post","type-post","status-publish","format-standard","has-post-thumbnail","hentry","category-meio-ambiente"],"_links":{"self":[{"href":"https:\/\/www.santaritadopassaquatro.sp.gov.br\/portal\/wp-json\/wp\/v2\/posts\/7580","targetHints":{"allow":["GET"]}}],"collection":[{"href":"https:\/\/www.santaritadopassaquatro.sp.gov.br\/portal\/wp-json\/wp\/v2\/posts"}],"about":[{"href":"https:\/\/www.santaritadopassaquatro.sp.gov.br\/portal\/wp-json\/wp\/v2\/types\/post"}],"author":[{"embeddable":true,"href":"https:\/\/www.santaritadopassaquatro.sp.gov.br\/portal\/wp-json\/wp\/v2\/users\/1"}],"replies":[{"embeddable":true,"href":"https:\/\/www.santaritadopassaquatro.sp.gov.br\/portal\/wp-json\/wp\/v2\/comments?post=7580"}],"version-history":[{"count":1,"href":"https:\/\/www.santaritadopassaquatro.sp.gov.br\/portal\/wp-json\/wp\/v2\/posts\/7580\/revisions"}],"predecessor-version":[{"id":7582,"href":"https:\/\/www.santaritadopassaquatro.sp.gov.br\/portal\/wp-json\/wp\/v2\/posts\/7580\/revisions\/7582"}],"wp:featuredmedia":[{"embeddable":true,"href":"https:\/\/www.santaritadopassaquatro.sp.gov.br\/portal\/wp-json\/wp\/v2\/media\/7581"}],"wp:attachment":[{"href":"https:\/\/www.santaritadopassaquatro.sp.gov.br\/portal\/wp-json\/wp\/v2\/media?parent=7580"}],"wp:term":[{"taxonomy":"category","embeddable":true,"href":"https:\/\/www.santaritadopassaquatro.sp.gov.br\/portal\/wp-json\/wp\/v2\/categories?post=7580"},{"taxonomy":"post_tag","embeddable":true,"href":"https:\/\/www.santaritadopassaquatro.sp.gov.br\/portal\/wp-json\/wp\/v2\/tags?post=7580"}],"curies":[{"name":"wp","href":"https:\/\/api.w.org\/{rel}","templated":true}]}}