{"id":7583,"date":"2022-08-24T15:50:48","date_gmt":"2022-08-24T18:50:48","guid":{"rendered":"http:\/\/www.santaritadopassaquatro.sp.gov.br\/portal\/?p=7583"},"modified":"2022-08-24T15:50:48","modified_gmt":"2022-08-24T18:50:48","slug":"1a-dose-estara-liberada-para-criancas-de-3-e-4-anos-com-comorbidades","status":"publish","type":"post","link":"https:\/\/www.santaritadopassaquatro.sp.gov.br\/portal\/1a-dose-estara-liberada-para-criancas-de-3-e-4-anos-com-comorbidades\/","title":{"rendered":"1\u00aa DOSE ESTAR\u00c1 LIBERADA PARA CRIAN\u00c7AS DE 3 E 4 ANOS COM COMORBIDADES"},"content":{"rendered":"<p>A partir desta quinta-feira (25), a 1\u00aa dose da vacina contra a Covid-19 estar\u00e1 liberada para crian\u00e7as de 3 e 4 anos com comorbidades.<\/p>\n<p>A vacina\u00e7\u00e3o da primeira dose est\u00e1 liberada para crian\u00e7as de 3 e 4 anos com comorbidades, e todos com idade a partir de 05 anos,<br \/>\nA segunda dose est\u00e1 liberada para quem tomou AstraZeneca, Pfizer e CoronaVac. Veja o prazo de espera na caderneta de vacina\u00e7\u00e3o.<br \/>\nTodos com idade a partir de 12 anos, poder\u00e3o receber a dose de refor\u00e7o, depois de 4 meses de intervalo da segunda dose<br \/>\nJ\u00e1 podem receber a dose adicional todos aqueles que tomaram o imunizante da JANSSEN h\u00e1 dois meses ou mais. Os imunizantes a serem aplicados ser\u00e3o Pfizer, Coronavac e Janssen.<br \/>\nEst\u00e1 liberada a quarta dose, para pessoas a partir de 18 anos e profissionais de sa\u00fade de qualquer idade que tenham tomado a terceira dose a 4 meses.<br \/>\nN\u00e3o se esque\u00e7a de levar a caderneta de vacina\u00e7\u00e3o e CPF.<\/p>\n<p>Lembrando que, menores desacompanhados, dever\u00e3o levar um termo de assentimento assinado pelos pais ou respons\u00e1vel, autorizando a vacina\u00e7\u00e3o. Voc\u00ea pode baixar o termo clicando no link:<\/p>\n<p><a href=\"https:\/\/drive.google.com\/file\/d\/1f3712KV4Jegxrp-F00SZ3KOJEAXRY-2k\/view?fbclid=IwAR0T1Kf_mfcff4i9vAOzjekSp11R3q_tv_3gvFqs1gibvwBgm97105z0vUQ\" target=\"_blank\" rel=\"noopener\">https:\/\/drive.google.com\/file\/d\/1f3712KV4Jegxrp-F00SZ3KOJEAXRY-2k\/view?fbclid=IwAR0T1Kf_mfcff4i9vAOzjekSp11R3q_tv_3gvFqs1gibvwBgm97105z0vUQ <\/a><\/p>\n<p>Para agilizar o processo, fa\u00e7a o cadastro no site:<\/p>\n<p><a href=\"https:\/\/portal.vacinaja.sp.gov.br\/covid-19%20vaccine\/?fbclid=IwAR16HACWOCkeX1i6p-tPargWBRRR5na0gEUf4vJO9Y0DPOidVRvAAyl9rTM\" target=\"_blank\" rel=\"noopener\">https:\/\/portal.vacinaja.sp.gov.br\/covid-19%20vaccine\/?fbclid=IwAR16HACWOCkeX1i6p-tPargWBRRR5na0gEUf4vJO9Y0DPOidVRvAAyl9rTM<\/a><\/p>\n","protected":false},"excerpt":{"rendered":"<p>A partir desta quinta-feira (25), a 1\u00aa dose da vacina contra a Covid-19 estar\u00e1 liberada para crian\u00e7as de 3 e<\/p>\n","protected":false},"author":1,"featured_media":7584,"comment_status":"closed","ping_status":"open","sticky":false,"template":"","format":"standard","meta":{"footnotes":""},"categories":[40,58],"tags":[],"class_list":["post-7583","post","type-post","status-publish","format-standard","has-post-thumbnail","hentry","category-covid-19","category-health"],"_links":{"self":[{"href":"https:\/\/www.santaritadopassaquatro.sp.gov.br\/portal\/wp-json\/wp\/v2\/posts\/7583","targetHints":{"allow":["GET"]}}],"collection":[{"href":"https:\/\/www.santaritadopassaquatro.sp.gov.br\/portal\/wp-json\/wp\/v2\/posts"}],"about":[{"href":"https:\/\/www.santaritadopassaquatro.sp.gov.br\/portal\/wp-json\/wp\/v2\/types\/post"}],"author":[{"embeddable":true,"href":"https:\/\/www.santaritadopassaquatro.sp.gov.br\/portal\/wp-json\/wp\/v2\/users\/1"}],"replies":[{"embeddable":true,"href":"https:\/\/www.santaritadopassaquatro.sp.gov.br\/portal\/wp-json\/wp\/v2\/comments?post=7583"}],"version-history":[{"count":1,"href":"https:\/\/www.santaritadopassaquatro.sp.gov.br\/portal\/wp-json\/wp\/v2\/posts\/7583\/revisions"}],"predecessor-version":[{"id":7585,"href":"https:\/\/www.santaritadopassaquatro.sp.gov.br\/portal\/wp-json\/wp\/v2\/posts\/7583\/revisions\/7585"}],"wp:featuredmedia":[{"embeddable":true,"href":"https:\/\/www.santaritadopassaquatro.sp.gov.br\/portal\/wp-json\/wp\/v2\/media\/7584"}],"wp:attachment":[{"href":"https:\/\/www.santaritadopassaquatro.sp.gov.br\/portal\/wp-json\/wp\/v2\/media?parent=7583"}],"wp:term":[{"taxonomy":"category","embeddable":true,"href":"https:\/\/www.santaritadopassaquatro.sp.gov.br\/portal\/wp-json\/wp\/v2\/categories?post=7583"},{"taxonomy":"post_tag","embeddable":true,"href":"https:\/\/www.santaritadopassaquatro.sp.gov.br\/portal\/wp-json\/wp\/v2\/tags?post=7583"}],"curies":[{"name":"wp","href":"https:\/\/api.w.org\/{rel}","templated":true}]}}