{"id":7653,"date":"2022-08-30T16:23:34","date_gmt":"2022-08-30T19:23:34","guid":{"rendered":"http:\/\/www.santaritadopassaquatro.sp.gov.br\/portal\/?p=7653"},"modified":"2022-08-30T16:23:34","modified_gmt":"2022-08-30T19:23:34","slug":"tiro-de-guerra-de-santa-rita-comemora-o-dia-do-soldado-em-evento-solene","status":"publish","type":"post","link":"https:\/\/www.santaritadopassaquatro.sp.gov.br\/portal\/tiro-de-guerra-de-santa-rita-comemora-o-dia-do-soldado-em-evento-solene\/","title":{"rendered":"TIRO DE GUERRA DE SANTA RITA COMEMORA O DIA DO SOLDADO EM EVENTO SOLENE"},"content":{"rendered":"<p>No dia 25 de agosto, foi comemorado o &#8220;Dia do Soldado&#8221;, onde \u00e9 lembrado o servi\u00e7o prestado pelos profissionais do Ex\u00e9rcito Brasileiro, que trabalham pela seguran\u00e7a da na\u00e7\u00e3o.<\/p>\n<p>Em comemora\u00e7\u00e3o, os 46 atiradores, comandados pelo 1\u00b0 Sargento Cardoso, Chefe da Instru\u00e7\u00e3o do Tiro de Guerra TG-02-077 de Santa Rita do Passa Quatro, prestaram juramento \u00e0 Bandeira Nacional.<\/p>\n<p>O Prefeito e Diretor do Tiro de Guerra Marcelo Sim\u00e3o, esteve presente e acompanhou toda a cerim\u00f4nia.<\/p>\n<p><img decoding=\"async\" class=\"aligncenter size-full wp-image-7654\" src=\"http:\/\/www.santaritadopassaquatro.sp.gov.br\/portal\/wp-content\/uploads\/2022\/08\/WhatsApp-Image-2022-08-30-at-15.17.53-1.jpeg\" alt=\"\" width=\"1200\" height=\"628\" \/> <img decoding=\"async\" class=\"aligncenter size-large wp-image-7655\" src=\"http:\/\/www.santaritadopassaquatro.sp.gov.br\/portal\/wp-content\/uploads\/2022\/08\/WhatsApp-Image-2022-08-30-at-15.17.53-2.jpeg\" alt=\"\" width=\"800\" height=\"419\" \/> <img decoding=\"async\" class=\"aligncenter size-large wp-image-7656\" src=\"http:\/\/www.santaritadopassaquatro.sp.gov.br\/portal\/wp-content\/uploads\/2022\/08\/WhatsApp-Image-2022-08-30-at-15.17.53.jpeg\" alt=\"\" width=\"800\" height=\"419\" \/> <img decoding=\"async\" class=\"aligncenter size-large wp-image-7657\" src=\"http:\/\/www.santaritadopassaquatro.sp.gov.br\/portal\/wp-content\/uploads\/2022\/08\/WhatsApp-Image-2022-08-30-at-15.17.54.jpeg\" alt=\"\" width=\"800\" height=\"419\" \/> <img decoding=\"async\" class=\"aligncenter size-large wp-image-7658\" src=\"http:\/\/www.santaritadopassaquatro.sp.gov.br\/portal\/wp-content\/uploads\/2022\/08\/WhatsApp-Image-2022-08-30-at-15.17.55-1.jpeg\" alt=\"\" width=\"800\" height=\"419\" \/> <img decoding=\"async\" class=\"aligncenter size-large wp-image-7659\" src=\"http:\/\/www.santaritadopassaquatro.sp.gov.br\/portal\/wp-content\/uploads\/2022\/08\/WhatsApp-Image-2022-08-30-at-15.17.55-2.jpeg\" alt=\"\" width=\"800\" height=\"419\" \/> <img decoding=\"async\" class=\"aligncenter size-large wp-image-7660\" src=\"http:\/\/www.santaritadopassaquatro.sp.gov.br\/portal\/wp-content\/uploads\/2022\/08\/WhatsApp-Image-2022-08-30-at-15.17.55.jpeg\" alt=\"\" width=\"800\" height=\"419\" \/> <img decoding=\"async\" class=\"aligncenter size-large wp-image-7661\" src=\"http:\/\/www.santaritadopassaquatro.sp.gov.br\/portal\/wp-content\/uploads\/2022\/08\/WhatsApp-Image-2022-08-30-at-15.17.56-1.jpeg\" alt=\"\" width=\"800\" height=\"419\" \/> <img decoding=\"async\" class=\"aligncenter size-large wp-image-7662\" src=\"http:\/\/www.santaritadopassaquatro.sp.gov.br\/portal\/wp-content\/uploads\/2022\/08\/WhatsApp-Image-2022-08-30-at-15.17.56-2.jpeg\" alt=\"\" width=\"800\" height=\"419\" \/> <img decoding=\"async\" class=\"aligncenter size-large wp-image-7663\" src=\"http:\/\/www.santaritadopassaquatro.sp.gov.br\/portal\/wp-content\/uploads\/2022\/08\/WhatsApp-Image-2022-08-30-at-15.17.56.jpeg\" alt=\"\" width=\"800\" height=\"419\" \/><\/p>\n","protected":false},"excerpt":{"rendered":"<p>No dia 25 de agosto, foi comemorado o &#8220;Dia do Soldado&#8221;, onde \u00e9 lembrado o servi\u00e7o prestado pelos profissionais do<\/p>\n","protected":false},"author":1,"featured_media":7663,"comment_status":"closed","ping_status":"open","sticky":false,"template":"","format":"standard","meta":{"footnotes":""},"categories":[52],"tags":[],"class_list":["post-7653","post","type-post","status-publish","format-standard","has-post-thumbnail","hentry","category-latest"],"_links":{"self":[{"href":"https:\/\/www.santaritadopassaquatro.sp.gov.br\/portal\/wp-json\/wp\/v2\/posts\/7653","targetHints":{"allow":["GET"]}}],"collection":[{"href":"https:\/\/www.santaritadopassaquatro.sp.gov.br\/portal\/wp-json\/wp\/v2\/posts"}],"about":[{"href":"https:\/\/www.santaritadopassaquatro.sp.gov.br\/portal\/wp-json\/wp\/v2\/types\/post"}],"author":[{"embeddable":true,"href":"https:\/\/www.santaritadopassaquatro.sp.gov.br\/portal\/wp-json\/wp\/v2\/users\/1"}],"replies":[{"embeddable":true,"href":"https:\/\/www.santaritadopassaquatro.sp.gov.br\/portal\/wp-json\/wp\/v2\/comments?post=7653"}],"version-history":[{"count":1,"href":"https:\/\/www.santaritadopassaquatro.sp.gov.br\/portal\/wp-json\/wp\/v2\/posts\/7653\/revisions"}],"predecessor-version":[{"id":7664,"href":"https:\/\/www.santaritadopassaquatro.sp.gov.br\/portal\/wp-json\/wp\/v2\/posts\/7653\/revisions\/7664"}],"wp:featuredmedia":[{"embeddable":true,"href":"https:\/\/www.santaritadopassaquatro.sp.gov.br\/portal\/wp-json\/wp\/v2\/media\/7663"}],"wp:attachment":[{"href":"https:\/\/www.santaritadopassaquatro.sp.gov.br\/portal\/wp-json\/wp\/v2\/media?parent=7653"}],"wp:term":[{"taxonomy":"category","embeddable":true,"href":"https:\/\/www.santaritadopassaquatro.sp.gov.br\/portal\/wp-json\/wp\/v2\/categories?post=7653"},{"taxonomy":"post_tag","embeddable":true,"href":"https:\/\/www.santaritadopassaquatro.sp.gov.br\/portal\/wp-json\/wp\/v2\/tags?post=7653"}],"curies":[{"name":"wp","href":"https:\/\/api.w.org\/{rel}","templated":true}]}}