{"id":766,"date":"2019-02-15T15:01:43","date_gmt":"2019-02-15T17:01:43","guid":{"rendered":"http:\/\/www.santaritadopassaquatro.sp.gov.br\/portal\/?p=766"},"modified":"2019-02-15T15:01:43","modified_gmt":"2019-02-15T17:01:43","slug":"reuniao-define-acoes-de-convenio-entre-prefeitura-instituto-edson-luciano-e-sesi","status":"publish","type":"post","link":"https:\/\/www.santaritadopassaquatro.sp.gov.br\/portal\/reuniao-define-acoes-de-convenio-entre-prefeitura-instituto-edson-luciano-e-sesi\/","title":{"rendered":"Reuni\u00e3o define a\u00e7\u00f5es de conv\u00eanio entre Prefeitura, Instituto Edson Luciano e SESI"},"content":{"rendered":"<div class=\"mceTemp\"><strong><em>Evento aconteceu na \u00faltima ter\u00e7a-feira na Esta\u00e7\u00e3o Sesi de Cultura <\/em><\/strong><\/div>\n<p><strong>\u00a0<\/strong><\/p>\n<figure id=\"attachment_767\" aria-describedby=\"caption-attachment-767\" style=\"width: 325px\" class=\"wp-caption alignleft\"><img decoding=\"async\" class=\"wp-image-767 \" src=\"http:\/\/www.santaritadopassaquatro.sp.gov.br\/portal\/wp-content\/uploads\/2019\/02\/reunia_sesi_edson_luciano-300x225.jpeg\" alt=\"\" width=\"325\" height=\"244\" srcset=\"https:\/\/www.santaritadopassaquatro.sp.gov.br\/portal\/wp-content\/uploads\/2019\/02\/reunia_sesi_edson_luciano-300x225.jpeg 300w, https:\/\/www.santaritadopassaquatro.sp.gov.br\/portal\/wp-content\/uploads\/2019\/02\/reunia_sesi_edson_luciano-768x576.jpeg 768w, https:\/\/www.santaritadopassaquatro.sp.gov.br\/portal\/wp-content\/uploads\/2019\/02\/reunia_sesi_edson_luciano.jpeg 1024w\" sizes=\"(max-width: 325px) 100vw, 325px\" \/><figcaption id=\"caption-attachment-767\" class=\"wp-caption-text\"><span style=\"font-size: 8pt; color: #999999;\"><em>Presentes na reuni\u00e3o realizada na Esta\u00e7\u00e3o Sesi de Cultura para definir atividades do conv\u00eanio (Divulga\u00e7\u00e3o)<\/em><\/span><\/figcaption><\/figure>\n<p>Ap\u00f3s assinatura de conv\u00eanio entre Prefeitura Municipal de Santa Rita do Passa Quatro, Instituto Edson Luciano Ribeiro e Sesi S\u00e3o Paulo, aconteceu a primeira reuni\u00e3o do programa esportivo de alto rendimento que est\u00e1 sendo implantado no munic\u00edpio.<\/p>\n<p>Promovida na \u00faltima ter\u00e7a-feira (12\/2), na Esta\u00e7\u00e3o Sesi de Cultura, a reuni\u00e3o contou com a presen\u00e7a do prefeito Leandro Luciano dos Santos, do ex-atleta e medalhista ol\u00edmpico em Atlanta e Sidney, Edson Luciano Ribeiro. O objetivo foi definir e tra\u00e7ar os planos de a\u00e7\u00e3o do projeto de atletismo que ser\u00e1 realizado com crian\u00e7as e jovens do munic\u00edpio.<\/p>\n<p>Nessa primeira reuni\u00e3o os gestores planejaram as atividades que ir\u00e3o acontecer em tr\u00eas n\u00facleos, de ter\u00e7a a sexta-feira, no CAIC e SESI, e aos s\u00e1bado de manh\u00e3 no Centro Ol\u00edmpico.<\/p>\n<p>\u201cFora o Centro Ol\u00edmpico que j\u00e1 realiza as atividades de rendimento, as ter\u00e7as e quintas, o projeto ganhar\u00e1 mais dois n\u00facleos para trabalhar com inicia\u00e7\u00e3o ao esporte na modalidade\u201d, disse o diretor do Departamento Municipal de Esportes, Antonio Arnaldo Reatto dos Santos. \u201cAos s\u00e1bados ser\u00e3o realizados encontros entre os n\u00facleos no Centro Ol\u00edmpico, realizando um grande treinamento, que vai al\u00e9m das atividades f\u00edsicas, envolvendo encontros para tratar de temas transversais, pertinente a idade dos participantes\u201d, explicou.<\/p>\n<p>As atividades ser\u00e3o realizadas com crian\u00e7as e adolescentes na faixa et\u00e1ria entre 6 e 18 anos. Em breve ser\u00e1 definida e divulgada a grade de hor\u00e1rios para in\u00edcio do projeto.<\/p>\n<p><strong>\u00a0<\/strong><\/p>\n<p><strong>O PROGRAMA<\/strong><\/p>\n<p>Visando a cria\u00e7\u00e3o de um celeiro de forma\u00e7\u00e3o de atletas para representar a cidade, estado e pa\u00eds em competi\u00e7\u00f5es nacionais e internacionais, o Programa SESI-SP Atleta do Futuro \u00e9 uma conquista da Administra\u00e7\u00e3o Municipal, com objetivo de garantir que o Centro Ol\u00edmpico seja reconhecido com um espa\u00e7o refer\u00eancia no Estado.<\/p>\n<p>Com mais de 25 anos de hist\u00f3ria, o programa promove forma\u00e7\u00e3o e cultura esportiva.\u00a0 Tudo oferecido gratuitamente para crian\u00e7as e jovens, como proposta de contribuir para a garantia do direito de acesso ao esporte de qualidade. O programa permite que os participantes aprendam diferentes modalidades esportivas, com conte\u00fado e estrat\u00e9gias adequadas para cada faixa et\u00e1ria, permitindo que o aluno desenvolva uma rela\u00e7\u00e3o na qual o esporte fa\u00e7a parte de sua vida, seja como praticante, espectador ou profissional.<\/p>\n<p>&nbsp;<\/p>\n<p>&nbsp;<\/p>\n<p><strong>\u00a0<\/strong><\/p>\n","protected":false},"excerpt":{"rendered":"<p>Evento aconteceu na \u00faltima ter\u00e7a-feira na Esta\u00e7\u00e3o Sesi de Cultura \u00a0 Ap\u00f3s assinatura de conv\u00eanio entre Prefeitura Municipal de Santa<\/p>\n","protected":false},"author":1,"featured_media":767,"comment_status":"closed","ping_status":"open","sticky":false,"template":"","format":"standard","meta":{"footnotes":""},"categories":[51,52],"tags":[],"class_list":["post-766","post","type-post","status-publish","format-standard","has-post-thumbnail","hentry","category-sports","category-latest"],"_links":{"self":[{"href":"https:\/\/www.santaritadopassaquatro.sp.gov.br\/portal\/wp-json\/wp\/v2\/posts\/766","targetHints":{"allow":["GET"]}}],"collection":[{"href":"https:\/\/www.santaritadopassaquatro.sp.gov.br\/portal\/wp-json\/wp\/v2\/posts"}],"about":[{"href":"https:\/\/www.santaritadopassaquatro.sp.gov.br\/portal\/wp-json\/wp\/v2\/types\/post"}],"author":[{"embeddable":true,"href":"https:\/\/www.santaritadopassaquatro.sp.gov.br\/portal\/wp-json\/wp\/v2\/users\/1"}],"replies":[{"embeddable":true,"href":"https:\/\/www.santaritadopassaquatro.sp.gov.br\/portal\/wp-json\/wp\/v2\/comments?post=766"}],"version-history":[{"count":0,"href":"https:\/\/www.santaritadopassaquatro.sp.gov.br\/portal\/wp-json\/wp\/v2\/posts\/766\/revisions"}],"wp:featuredmedia":[{"embeddable":true,"href":"https:\/\/www.santaritadopassaquatro.sp.gov.br\/portal\/wp-json\/wp\/v2\/media\/767"}],"wp:attachment":[{"href":"https:\/\/www.santaritadopassaquatro.sp.gov.br\/portal\/wp-json\/wp\/v2\/media?parent=766"}],"wp:term":[{"taxonomy":"category","embeddable":true,"href":"https:\/\/www.santaritadopassaquatro.sp.gov.br\/portal\/wp-json\/wp\/v2\/categories?post=766"},{"taxonomy":"post_tag","embeddable":true,"href":"https:\/\/www.santaritadopassaquatro.sp.gov.br\/portal\/wp-json\/wp\/v2\/tags?post=766"}],"curies":[{"name":"wp","href":"https:\/\/api.w.org\/{rel}","templated":true}]}}