{"id":7665,"date":"2022-08-30T16:29:55","date_gmt":"2022-08-30T19:29:55","guid":{"rendered":"http:\/\/www.santaritadopassaquatro.sp.gov.br\/portal\/?p=7665"},"modified":"2022-08-30T16:29:55","modified_gmt":"2022-08-30T19:29:55","slug":"virada-sp-e-santa-rita-do-passa-quatro-uma-mistura-perfeita","status":"publish","type":"post","link":"https:\/\/www.santaritadopassaquatro.sp.gov.br\/portal\/virada-sp-e-santa-rita-do-passa-quatro-uma-mistura-perfeita\/","title":{"rendered":"VIRADA SP E SANTA RITA DO PASSA QUATRO \u2013 UMA MISTURA PERFEITA!"},"content":{"rendered":"<p>Nos dias 27 e 28 de agosto Santa Rita do Passa Quatro &#8211; CIDADE POEMA &#8211; se transformou na verdadeira CAPITAL CULTURAL do Estado de S\u00e3o Paulo. O Amigos da Arte trouxe para a cidade a VIRADA SP, que reuniu mais de 40 atra\u00e7\u00f5es em 7 palcos diferentes e reuniu cerca de 25 mil pessoas durante as 24 horas do evento.<\/p>\n<p>A Virada SP \u00e9 uma parceria do Governo do Estado de S\u00e3o Paulo, atrav\u00e9s do Amigos da Arte, com a Prefeitura Municipal de Santa Rita do Passa Quatro, na gest\u00e3o do Prefeito Marcelo Sim\u00e3o e Professor M\u00e1rcio Reis. Toda a estrutura do evento foi organizada pelo Departamento de Turismo, Cultura, Esporte e Lazer, DSM e Comunica\u00e7\u00e3o do Munic\u00edpio. A Virada SP, em Santa Rita, contou com a visita do Secret\u00e1rio Executivo de Cultura e Economia Criativa, Rog\u00e9rio Cust\u00f3dio.<br \/>\nOs palcos principais foram instalados na Pra\u00e7a Poeta M\u00e1rio Mattoso (Esta\u00e7\u00e3o), onde os artistas nacionais e internacional se apresentaram. Nani Fadel, Banda LPJ, SRP4, Fuga em Massa, Covil de Aluguel e Black 3 se apresentaram no Palco 2, enquanto BNeg\u00e3o, Paulo Miklos, Tamara Peterson, Larissa Luz, Monallizza \u2013 Tributo ao Tim Maia e Gabriel Sater se apresentaram no palco principal.<\/p>\n<p>Na Pra\u00e7a do Santu\u00e1rio, tivemos as apresenta\u00e7\u00f5es do Ivo Braganti e a Banda Sururu na Cidade, Os Paulistinhas, Banda Musical Zequinha de Abreu, Doce Palavra, Horr\u00edveis do Samba, Degrad\u00ea, Luciano Violeiro, Carlos Augusto e Silvano e Projeto Mad\u00e1. Dentro do Santu\u00e1rio foi realizada a apresenta\u00e7\u00e3o do Crystallica.<\/p>\n<p>A exposi\u00e7\u00e3o do Universo do L\u00e1pis\u201d da Rita Camargo ocorreu no Centro Cultural e Museu Jos\u00e9 Spadon, onde tamb\u00e9m aconteceram a Proje\u00e7\u00e3o de Poemas, com Marcos Cestari, e a Roda de Prosas, Poemas e M\u00fasicas, com a Academia Santa-Ritense de Letras.<\/p>\n<p>Cerca de 250 pessoas foram ao Centro Cultural Governador M\u00e1rio Covas para assistir \u00e0 apresenta\u00e7\u00e3o do Parlapat\u00f5es, com o seu espet\u00e1culo: \u201cPrego na Testa\u201d, e o Stand-up do Santa Com\u00e9dia. O local tamb\u00e9m foi cen\u00e1rio para o lan\u00e7amento do livro \u201c\u00c1lbum de Fam\u00edlia\u201d do L\u00facio Ribeiro, Fragmentos de Dan\u00e7a &#8211; Studio Arte e Movimento, Dona Leusa \u2013 Grupo de Teatro Quimera Cultural e \u201cE o Palha\u00e7o, o que \u00c9?.<\/p>\n<p>O Morro Itatiaia foi atra\u00e7\u00e3o para as crian\u00e7as, com o \u201cYogando com as Criancas\u201d. Apresentou-se, tamb\u00e9m, o Rogerio Bergo, com o Saxofone, Grupo Uni\u00e3o Capoeira \u2013 Mestre Digo e o Acalancontos \u2013 Hist\u00f3rias e Brincadeiras.<br \/>\nA Pista de Skate, na Pra\u00e7a Juliana Rozanti foi palco da Kombi Vinil e contou com as apresenta\u00e7\u00f5es dos DJ\u2019s Gio Sam. Tio Fresh, Imp\u00e9rio Clan, MC Pedr\u00e3o do Interior, DJ Nem e Ruandj.<\/p>\n<p>&nbsp;<\/p>\n<p><img decoding=\"async\" class=\"aligncenter size-full wp-image-7666\" src=\"http:\/\/www.santaritadopassaquatro.sp.gov.br\/portal\/wp-content\/uploads\/2022\/08\/BLACK-3-5.jpg\" alt=\"\" width=\"3984\" height=\"2656\" \/> <img decoding=\"async\" class=\"aligncenter size-large wp-image-7667\" src=\"http:\/\/www.santaritadopassaquatro.sp.gov.br\/portal\/wp-content\/uploads\/2022\/08\/BNEG\u00c3O-3.jpg\" alt=\"\" width=\"800\" height=\"533\" \/> <img decoding=\"async\" class=\"aligncenter size-large wp-image-7668\" src=\"http:\/\/www.santaritadopassaquatro.sp.gov.br\/portal\/wp-content\/uploads\/2022\/08\/Covil-de-Aluguel-10.jpg\" alt=\"\" width=\"800\" height=\"533\" \/> <img decoding=\"async\" class=\"aligncenter size-large wp-image-7669\" src=\"http:\/\/www.santaritadopassaquatro.sp.gov.br\/portal\/wp-content\/uploads\/2022\/08\/CRISTALLYCA-14.jpg\" alt=\"\" width=\"800\" height=\"533\" \/> <img decoding=\"async\" class=\"aligncenter size-large wp-image-7670\" src=\"http:\/\/www.santaritadopassaquatro.sp.gov.br\/portal\/wp-content\/uploads\/2022\/08\/FUGA-EM-MASSA-8.jpg\" alt=\"\" width=\"800\" height=\"533\" \/> <img decoding=\"async\" class=\"aligncenter size-large wp-image-7671\" src=\"http:\/\/www.santaritadopassaquatro.sp.gov.br\/portal\/wp-content\/uploads\/2022\/08\/LARISSA-LUZ-2.jpg\" alt=\"\" width=\"800\" height=\"533\" \/> <img decoding=\"async\" class=\"aligncenter size-large wp-image-7672\" src=\"http:\/\/www.santaritadopassaquatro.sp.gov.br\/portal\/wp-content\/uploads\/2022\/08\/LPJ-3.jpg\" alt=\"\" width=\"800\" height=\"533\" \/> <img decoding=\"async\" class=\"aligncenter size-large wp-image-7673\" src=\"http:\/\/www.santaritadopassaquatro.sp.gov.br\/portal\/wp-content\/uploads\/2022\/08\/MONALLIZZA-11.jpg\" alt=\"\" width=\"800\" height=\"533\" \/> <img decoding=\"async\" class=\"aligncenter size-large wp-image-7674\" src=\"http:\/\/www.santaritadopassaquatro.sp.gov.br\/portal\/wp-content\/uploads\/2022\/08\/Nani-Fadel-2.jpg\" alt=\"\" width=\"800\" height=\"533\" \/> <img decoding=\"async\" class=\"aligncenter size-large wp-image-7675\" src=\"http:\/\/www.santaritadopassaquatro.sp.gov.br\/portal\/wp-content\/uploads\/2022\/08\/Parlapat\u00f5es-1.jpg\" alt=\"\" width=\"800\" height=\"533\" \/> <img decoding=\"async\" class=\"aligncenter size-large wp-image-7676\" src=\"http:\/\/www.santaritadopassaquatro.sp.gov.br\/portal\/wp-content\/uploads\/2022\/08\/Paulo-Miklos-4.jpg\" alt=\"\" width=\"800\" height=\"533\" \/> <img decoding=\"async\" class=\"aligncenter size-large wp-image-7677\" src=\"http:\/\/www.santaritadopassaquatro.sp.gov.br\/portal\/wp-content\/uploads\/2022\/08\/Paulo-Miklos-20.jpg\" alt=\"\" width=\"800\" height=\"533\" \/> <img decoding=\"async\" class=\"aligncenter size-large wp-image-7678\" src=\"http:\/\/www.santaritadopassaquatro.sp.gov.br\/portal\/wp-content\/uploads\/2022\/08\/Santa-Com\u00e9dia-1.jpg\" alt=\"\" width=\"800\" height=\"533\" \/> <img decoding=\"async\" class=\"aligncenter size-large wp-image-7679\" src=\"http:\/\/www.santaritadopassaquatro.sp.gov.br\/portal\/wp-content\/uploads\/2022\/08\/SRP4-9.jpg\" alt=\"\" width=\"800\" height=\"533\" \/> <img decoding=\"async\" class=\"aligncenter size-large wp-image-7680\" src=\"http:\/\/www.santaritadopassaquatro.sp.gov.br\/portal\/wp-content\/uploads\/2022\/08\/Sururu-na-cidade-3.jpg\" alt=\"\" width=\"800\" height=\"533\" \/> <img decoding=\"async\" class=\"aligncenter size-large wp-image-7681\" src=\"http:\/\/www.santaritadopassaquatro.sp.gov.br\/portal\/wp-content\/uploads\/2022\/08\/Sururu-na-cidade-7.jpg\" alt=\"\" width=\"800\" height=\"533\" \/> <img decoding=\"async\" class=\"aligncenter size-large wp-image-7682\" src=\"http:\/\/www.santaritadopassaquatro.sp.gov.br\/portal\/wp-content\/uploads\/2022\/08\/Tamara-Peterson-5.jpg\" alt=\"\" width=\"800\" height=\"533\" \/> <img decoding=\"async\" class=\"aligncenter size-large wp-image-7683\" src=\"http:\/\/www.santaritadopassaquatro.sp.gov.br\/portal\/wp-content\/uploads\/2022\/08\/Tamara-Peterson-13.jpg\" alt=\"\" width=\"800\" height=\"533\" \/> <img decoding=\"async\" class=\"aligncenter size-large wp-image-7684\" src=\"http:\/\/www.santaritadopassaquatro.sp.gov.br\/portal\/wp-content\/uploads\/2022\/08\/WhatsApp-Image-2022-08-28-at-09.43.46.jpeg\" alt=\"\" width=\"800\" height=\"600\" \/> <img decoding=\"async\" class=\"aligncenter size-large wp-image-7685\" src=\"http:\/\/www.santaritadopassaquatro.sp.gov.br\/portal\/wp-content\/uploads\/2022\/08\/WhatsApp-Image-2022-08-28-at-09.43.52.jpeg\" alt=\"\" width=\"768\" height=\"1024\" \/><\/p>\n","protected":false},"excerpt":{"rendered":"<p>Nos dias 27 e 28 de agosto Santa Rita do Passa Quatro &#8211; CIDADE POEMA &#8211; se transformou na verdadeira<\/p>\n","protected":false},"author":1,"featured_media":7684,"comment_status":"closed","ping_status":"open","sticky":false,"template":"","format":"standard","meta":{"footnotes":""},"categories":[46,48],"tags":[],"class_list":["post-7665","post","type-post","status-publish","format-standard","has-post-thumbnail","hentry","category-cultura","category-featured"],"_links":{"self":[{"href":"https:\/\/www.santaritadopassaquatro.sp.gov.br\/portal\/wp-json\/wp\/v2\/posts\/7665","targetHints":{"allow":["GET"]}}],"collection":[{"href":"https:\/\/www.santaritadopassaquatro.sp.gov.br\/portal\/wp-json\/wp\/v2\/posts"}],"about":[{"href":"https:\/\/www.santaritadopassaquatro.sp.gov.br\/portal\/wp-json\/wp\/v2\/types\/post"}],"author":[{"embeddable":true,"href":"https:\/\/www.santaritadopassaquatro.sp.gov.br\/portal\/wp-json\/wp\/v2\/users\/1"}],"replies":[{"embeddable":true,"href":"https:\/\/www.santaritadopassaquatro.sp.gov.br\/portal\/wp-json\/wp\/v2\/comments?post=7665"}],"version-history":[{"count":1,"href":"https:\/\/www.santaritadopassaquatro.sp.gov.br\/portal\/wp-json\/wp\/v2\/posts\/7665\/revisions"}],"predecessor-version":[{"id":7686,"href":"https:\/\/www.santaritadopassaquatro.sp.gov.br\/portal\/wp-json\/wp\/v2\/posts\/7665\/revisions\/7686"}],"wp:featuredmedia":[{"embeddable":true,"href":"https:\/\/www.santaritadopassaquatro.sp.gov.br\/portal\/wp-json\/wp\/v2\/media\/7684"}],"wp:attachment":[{"href":"https:\/\/www.santaritadopassaquatro.sp.gov.br\/portal\/wp-json\/wp\/v2\/media?parent=7665"}],"wp:term":[{"taxonomy":"category","embeddable":true,"href":"https:\/\/www.santaritadopassaquatro.sp.gov.br\/portal\/wp-json\/wp\/v2\/categories?post=7665"},{"taxonomy":"post_tag","embeddable":true,"href":"https:\/\/www.santaritadopassaquatro.sp.gov.br\/portal\/wp-json\/wp\/v2\/tags?post=7665"}],"curies":[{"name":"wp","href":"https:\/\/api.w.org\/{rel}","templated":true}]}}