{"id":7692,"date":"2022-09-01T15:26:10","date_gmt":"2022-09-01T18:26:10","guid":{"rendered":"http:\/\/www.santaritadopassaquatro.sp.gov.br\/portal\/?p=7692"},"modified":"2022-09-05T15:26:42","modified_gmt":"2022-09-05T18:26:42","slug":"fundo-social-abrira-inscricao-para-curso-de-eletricista-instalador","status":"publish","type":"post","link":"https:\/\/www.santaritadopassaquatro.sp.gov.br\/portal\/fundo-social-abrira-inscricao-para-curso-de-eletricista-instalador\/","title":{"rendered":"FUNDO SOCIAL ABRIR\u00c1 INSCRI\u00c7\u00c3O PARA CURSO DE ELETRICISTA INSTALADOR"},"content":{"rendered":"<p>O Fundo Social de Solidariedade de Santa Rita do Passa Quatro em parceria com o SENAI, abrir\u00e1 inscri\u00e7\u00e3o para o curso de Eletricista Instalador, a partir do dia 05\/09.<br \/>\nO curso ser\u00e1 gratuito, com dura\u00e7\u00e3o entre 20 de setembro de 2022 e 28 de fevereiro de 2023, sendo tr\u00eas aulas por semana das 19h00 \u00e0s 22h00.<br \/>\nPara realizar a inscri\u00e7\u00e3o, o aluna ter\u00e1 que levar as c\u00f3pias do RG, CPF, comprovante de endere\u00e7o e declara\u00e7\u00e3o escolar.<br \/>\nOs requisitos m\u00ednimos: ter conclu\u00eddo o 6\u00b0 ano do ensino fundamental e ter 18 anos ou mais.<br \/>\nAs inscri\u00e7\u00f5es ser\u00e3o feitas de forma presencial, na Rua Visconde do Rio Branco, 1135 &#8211; Jardim 22 de Maio.<\/p>\n","protected":false},"excerpt":{"rendered":"<p>O Fundo Social de Solidariedade de Santa Rita do Passa Quatro em parceria com o SENAI, abrir\u00e1 inscri\u00e7\u00e3o para o<\/p>\n","protected":false},"author":1,"featured_media":7693,"comment_status":"closed","ping_status":"open","sticky":false,"template":"","format":"standard","meta":{"footnotes":""},"categories":[62],"tags":[],"class_list":["post-7692","post","type-post","status-publish","format-standard","has-post-thumbnail","hentry","category-fundo-social"],"_links":{"self":[{"href":"https:\/\/www.santaritadopassaquatro.sp.gov.br\/portal\/wp-json\/wp\/v2\/posts\/7692","targetHints":{"allow":["GET"]}}],"collection":[{"href":"https:\/\/www.santaritadopassaquatro.sp.gov.br\/portal\/wp-json\/wp\/v2\/posts"}],"about":[{"href":"https:\/\/www.santaritadopassaquatro.sp.gov.br\/portal\/wp-json\/wp\/v2\/types\/post"}],"author":[{"embeddable":true,"href":"https:\/\/www.santaritadopassaquatro.sp.gov.br\/portal\/wp-json\/wp\/v2\/users\/1"}],"replies":[{"embeddable":true,"href":"https:\/\/www.santaritadopassaquatro.sp.gov.br\/portal\/wp-json\/wp\/v2\/comments?post=7692"}],"version-history":[{"count":1,"href":"https:\/\/www.santaritadopassaquatro.sp.gov.br\/portal\/wp-json\/wp\/v2\/posts\/7692\/revisions"}],"predecessor-version":[{"id":7694,"href":"https:\/\/www.santaritadopassaquatro.sp.gov.br\/portal\/wp-json\/wp\/v2\/posts\/7692\/revisions\/7694"}],"wp:featuredmedia":[{"embeddable":true,"href":"https:\/\/www.santaritadopassaquatro.sp.gov.br\/portal\/wp-json\/wp\/v2\/media\/7693"}],"wp:attachment":[{"href":"https:\/\/www.santaritadopassaquatro.sp.gov.br\/portal\/wp-json\/wp\/v2\/media?parent=7692"}],"wp:term":[{"taxonomy":"category","embeddable":true,"href":"https:\/\/www.santaritadopassaquatro.sp.gov.br\/portal\/wp-json\/wp\/v2\/categories?post=7692"},{"taxonomy":"post_tag","embeddable":true,"href":"https:\/\/www.santaritadopassaquatro.sp.gov.br\/portal\/wp-json\/wp\/v2\/tags?post=7692"}],"curies":[{"name":"wp","href":"https:\/\/api.w.org\/{rel}","templated":true}]}}