{"id":7695,"date":"2022-09-02T15:27:26","date_gmt":"2022-09-02T18:27:26","guid":{"rendered":"http:\/\/www.santaritadopassaquatro.sp.gov.br\/portal\/?p=7695"},"modified":"2022-09-05T15:28:01","modified_gmt":"2022-09-05T18:28:01","slug":"mobilizacao-do-cadastro-unico-do-governo-federal","status":"publish","type":"post","link":"https:\/\/www.santaritadopassaquatro.sp.gov.br\/portal\/mobilizacao-do-cadastro-unico-do-governo-federal\/","title":{"rendered":"MOBILIZA\u00c7\u00c3O DO CADASTRO \u00daNICO DO GOVERNO FEDERAL"},"content":{"rendered":"<p>A Prefeitura do Municipal, por meio do Departamento de Assist\u00eancia Social, realizar\u00e1 plant\u00e3o para atualiza\u00e7\u00e3o do Cadastro \u00danico nos dias 10,17 e 24 de setembro das 9h:00 \u00e0s 15h:00.<\/p>\n<p>10\/09 &#8211; CRAS &#8211; Av. Jos\u00e9 Ribeiro de Oliveira, 3231.<\/p>\n<p>17\/09 &#8211; Santa Cruz da Estrela &#8211; Centro de Conviv\u00eancia do Idoso (CCI).<\/p>\n<p>24\/09 &#8211; Departamento de Assist\u00eancia Social &#8211; Av. Severino Meireles, 1761.<\/p>\n<p>DOCUMENTOS NECESS\u00c1RIOS<\/p>\n<p>RG, CPF, comprovante de resid\u00eancia atualizado e documentos pessoais de todos que moram na mesma casa (carteira de trabalho, certid\u00e3o de nascimento\/certid\u00e3o de casamento e titulo de eleitor).<\/p>\n<p>Todos os dias<\/p>\n<p>&#8211;&gt;&gt; A equipe da COMASA estar\u00e1 orientando sobre tarifa social de \u00e1gua;<\/p>\n<p>&#8211;&gt;&gt; Orienta\u00e7\u00f5es sobre a tarifa social de energia;<\/p>\n<p>&#8211;&gt;&gt; pipoca, algod\u00e3o doce, brinquedos e pintura facila para os presentes.<\/p>\n<p>Lembrando<\/p>\n<p>&#8211;&gt;&gt; Quem ainda n\u00e3o tem o Cadastro \u00danico, receber\u00e1 todas as orienta\u00e7\u00f5es de como fazer e seus benef\u00edcios;<\/p>\n<p>&#8211;&gt;&gt; Quem n\u00e3o estiver com o Cadastro \u00danico atualizado, ter\u00e1 a suspens\u00e3o dos benef\u00edcios s\u00f3cio-assistenciais. Por isso, \u00e9 muito importante que voc\u00ea fa\u00e7a a atualiza\u00e7\u00e3o dos seus dados.<\/p>\n","protected":false},"excerpt":{"rendered":"<p>A Prefeitura do Municipal, por meio do Departamento de Assist\u00eancia Social, realizar\u00e1 plant\u00e3o para atualiza\u00e7\u00e3o do Cadastro \u00danico nos dias<\/p>\n","protected":false},"author":1,"featured_media":7696,"comment_status":"closed","ping_status":"open","sticky":false,"template":"","format":"standard","meta":{"footnotes":""},"categories":[43],"tags":[],"class_list":["post-7695","post","type-post","status-publish","format-standard","has-post-thumbnail","hentry","category-assistenciasocial"],"_links":{"self":[{"href":"https:\/\/www.santaritadopassaquatro.sp.gov.br\/portal\/wp-json\/wp\/v2\/posts\/7695","targetHints":{"allow":["GET"]}}],"collection":[{"href":"https:\/\/www.santaritadopassaquatro.sp.gov.br\/portal\/wp-json\/wp\/v2\/posts"}],"about":[{"href":"https:\/\/www.santaritadopassaquatro.sp.gov.br\/portal\/wp-json\/wp\/v2\/types\/post"}],"author":[{"embeddable":true,"href":"https:\/\/www.santaritadopassaquatro.sp.gov.br\/portal\/wp-json\/wp\/v2\/users\/1"}],"replies":[{"embeddable":true,"href":"https:\/\/www.santaritadopassaquatro.sp.gov.br\/portal\/wp-json\/wp\/v2\/comments?post=7695"}],"version-history":[{"count":1,"href":"https:\/\/www.santaritadopassaquatro.sp.gov.br\/portal\/wp-json\/wp\/v2\/posts\/7695\/revisions"}],"predecessor-version":[{"id":7697,"href":"https:\/\/www.santaritadopassaquatro.sp.gov.br\/portal\/wp-json\/wp\/v2\/posts\/7695\/revisions\/7697"}],"wp:featuredmedia":[{"embeddable":true,"href":"https:\/\/www.santaritadopassaquatro.sp.gov.br\/portal\/wp-json\/wp\/v2\/media\/7696"}],"wp:attachment":[{"href":"https:\/\/www.santaritadopassaquatro.sp.gov.br\/portal\/wp-json\/wp\/v2\/media?parent=7695"}],"wp:term":[{"taxonomy":"category","embeddable":true,"href":"https:\/\/www.santaritadopassaquatro.sp.gov.br\/portal\/wp-json\/wp\/v2\/categories?post=7695"},{"taxonomy":"post_tag","embeddable":true,"href":"https:\/\/www.santaritadopassaquatro.sp.gov.br\/portal\/wp-json\/wp\/v2\/tags?post=7695"}],"curies":[{"name":"wp","href":"https:\/\/api.w.org\/{rel}","templated":true}]}}